{"id":72195,"date":"2024-09-06T19:10:50","date_gmt":"2024-09-07T01:10:50","guid":{"rendered":"https:\/\/zonaroja.com.mx\/?p=72195"},"modified":"2024-09-06T19:10:52","modified_gmt":"2024-09-07T01:10:52","slug":"designa-sheinbaum-a-titulares-de-sedena-y-marina-este-ultimo-es-oaxaqueno","status":"publish","type":"post","link":"https:\/\/zonaroja.com.mx\/?p=72195","title":{"rendered":"Designa Sheinbaum a titulares de Sedena y Marina; este \u00faltimo es oaxaque\u00f1o"},"content":{"rendered":"\n<p>Redacci\u00f3n\/Zona Roja Cdmx.<\/p>\n\n\n\n<p>Ciudad de M\u00e9xico, a 5 de septiembre de 2024.- De manera sorpresiva y pese a que no ten\u00eda actividades p\u00fablicas programadas, Claudia Sheinbaum dio a conocer a los futuros titulares de la Secretar\u00eda de la Defensa Nacional (Sedena) y de la Secretar\u00eda de Marina (Semar).<\/p>\n\n\n\n<p>El gabinete presidencial de Claudia Sheinbaum contar\u00e1 con el General de Divisi\u00f3n Diplomado de Estado Mayor, Ricardo Trevilla Trejo, como nuevo titular de la Sedena, mientras que el pr\u00f3ximo secretario de Marina ser\u00e1 el Almirante CG. DEM. Raymundo Pedro Morales \u00c1ngeles.<\/p>\n\n\n\n<p>En su escrito, la presidenta electa de M\u00e9xico reconoci\u00f3 el trabajo del general Luis Crescencio Sandoval al frente de la Sedena, as\u00ed como del almirante Jos\u00e9 Rafael Ojeda Dur\u00e1n, actual secretario de Marina.<\/p>\n\n\n\n<p>\u201cTras una revisi\u00f3n exhaustiva de los mejores perfiles para ocupar la titularidad de dichas dependencias y luego de sostener reuniones con los antes mencionados, anuncia los nombramientos de Ricardo Trevilla Trejo y de Raymundo Pedro Morales \u00c1ngeles\u201d, se\u00f1al\u00f3.<\/p>\n\n\n\n<p>La presidenta electa tomar\u00e1 posesi\u00f3n en octubre por lo que tendr\u00e1 que \u2018acelerar\u2019 la presentaci\u00f3n de los integrantes de su gabinete de Gobierno que contin\u00faa este jueves 5 de septiembre.<\/p>\n\n\n\n<p>Sheinbaum ha ido revelando en las \u00faltimas semanas a miembros del llamado gabinete ampliado como V\u00edctor Rodr\u00edguez Padilla, pr\u00f3ximo director de Petr\u00f3leos Mexicanos; Citlalli Hern\u00e1ndez, quien dirigir\u00e1 la nueva Secretar\u00eda de las Mujeres, y Mart\u00ed Batres, el a\u00fan jefe de Gobierno de la Cdmx y que tomar\u00e1 control del Instituto de Seguridad y Servicios Sociales de los Trabajadores del Estado (ISSSTE).<\/p>\n\n\n\n<p>La presidenta electa de M\u00e9xico reanud\u00f3 sus actividades oficiales hasta este jueves despu\u00e9s de que se tom\u00f3 unos d\u00edas de descanso con su esposo, Jes\u00fas Mar\u00eda Tarriba.<\/p>\n\n\n\n<p>Desde que gan\u00f3 la elecci\u00f3n presidencial con casi 36 millones de votos, la agenda de Claudia Sheinbaum ha estado llena de reuniones con grupos empresariales; juntas con su equipo de trabajo, y con encuentros con el presidente Andr\u00e9s Manuel L\u00f3pez Obrador.<\/p>\n\n\n\n<p>Entre esa agenda, Sheinbaum tambi\u00e9n ha incluido reuniones con su gabinete legal y ampliado, un equipo que se expande este jueves con la presentaci\u00f3n de nuevos integrantes.<\/p>\n\n\n\n<p>(Informaci\u00f3n de \u201cEl Financiero\u201d)<\/p>\n","protected":false},"excerpt":{"rendered":"<p>Redacci\u00f3n\/Zona Roja Cdmx. Ciudad de M\u00e9xico, a 5 de septiembre de 2024.- De manera sorpresiva&hellip;<\/p>\n","protected":false},"author":2,"featured_media":72196,"comment_status":"closed","ping_status":"open","sticky":false,"template":"","format":"standard","meta":{"_lmt_disableupdate":"","_lmt_disable":"","_jetpack_memberships_contains_paid_content":false,"footnotes":""},"categories":[109,46],"tags":[3370],"class_list":["post-72195","post","type-post","status-publish","format-standard","has-post-thumbnail","hentry","category-minuto-a-minuto","category-zona-blanca","tag-claudia-sheinbaum"],"jetpack_featured_media_url":"https:\/\/zonaroja.com.mx\/wp-content\/uploads\/2024\/09\/Titulares-de-Sedena-y-Marina.jpg.avif","jetpack_sharing_enabled":true,"_links":{"self":[{"href":"https:\/\/zonaroja.com.mx\/index.php?rest_route=\/wp\/v2\/posts\/72195","targetHints":{"allow":["GET"]}}],"collection":[{"href":"https:\/\/zonaroja.com.mx\/index.php?rest_route=\/wp\/v2\/posts"}],"about":[{"href":"https:\/\/zonaroja.com.mx\/index.php?rest_route=\/wp\/v2\/types\/post"}],"author":[{"embeddable":true,"href":"https:\/\/zonaroja.com.mx\/index.php?rest_route=\/wp\/v2\/users\/2"}],"replies":[{"embeddable":true,"href":"https:\/\/zonaroja.com.mx\/index.php?rest_route=%2Fwp%2Fv2%2Fcomments&post=72195"}],"version-history":[{"count":1,"href":"https:\/\/zonaroja.com.mx\/index.php?rest_route=\/wp\/v2\/posts\/72195\/revisions"}],"predecessor-version":[{"id":72197,"href":"https:\/\/zonaroja.com.mx\/index.php?rest_route=\/wp\/v2\/posts\/72195\/revisions\/72197"}],"wp:featuredmedia":[{"embeddable":true,"href":"https:\/\/zonaroja.com.mx\/index.php?rest_route=\/wp\/v2\/media\/72196"}],"wp:attachment":[{"href":"https:\/\/zonaroja.com.mx\/index.php?rest_route=%2Fwp%2Fv2%2Fmedia&parent=72195"}],"wp:term":[{"taxonomy":"category","embeddable":true,"href":"https:\/\/zonaroja.com.mx\/index.php?rest_route=%2Fwp%2Fv2%2Fcategories&post=72195"},{"taxonomy":"post_tag","embeddable":true,"href":"https:\/\/zonaroja.com.mx\/index.php?rest_route=%2Fwp%2Fv2%2Ftags&post=72195"}],"curies":[{"name":"wp","href":"https:\/\/api.w.org\/{rel}","templated":true}]}}