{"id":7220,"date":"2020-01-02T16:15:42","date_gmt":"2020-01-02T22:15:42","guid":{"rendered":"https:\/\/www.zonaroja.com.mx\/?p=7220"},"modified":"2020-01-02T16:15:45","modified_gmt":"2020-01-02T22:15:45","slug":"nino-el-primer-bebe-de-2020-en-oaxaca-en-2019-nacieron-mas-de-57-mil","status":"publish","type":"post","link":"https:\/\/zonaroja.com.mx\/?p=7220","title":{"rendered":"Ni\u00f1o, el primer beb\u00e9 de 2020 en Oaxaca; en 2019 nacieron m\u00e1s de 57 mil\u00a0"},"content":{"rendered":"\n<p class=\"MsoNormal\">Yuri Sosa\/Zona Roja.&nbsp;<\/p>\n\n\n\n<p class=\"MsoNormal\">Oaxaca de Ju\u00e1rez, Oax,. 2 de enero de 2020.-&nbsp;&nbsp;<a href=\"\/\/2\">A las 00:12<\/a>&nbsp;horas del 1 de enero se registr\u00f3 el primer nacimiento de un beb\u00e9 oaxaque\u00f1o, ocurrido en el Hospital Civil \u201cDr. Aurelio Valdivieso\u201d de la ciudad de Oaxaca, inform\u00f3 la dependencia Servicios de Salud de Oaxaca (SSO).<\/p>\n\n\n\n<p class=\"MsoNormal\">Report\u00f3 que se trat\u00f3 de un var\u00f3n que pes\u00f3 tres kilos 310 gramos, con una talla de 50 cent\u00edmetros. La madre es Adriana Ruiz Antonio de 28 a\u00f1os de edad.<\/p>\n\n\n\n<p class=\"MsoNormal\">Agreg\u00f3 &nbsp;que en el transcurso de enero a noviembre de 2019 se registraron 57 mil 235 nacimientos en la entidad, en los distintos hospitales.&nbsp;<\/p>\n\n\n\n<p class=\"MsoNormal\">Durante el a\u00f1o que culmin\u00f3, las oaxaque\u00f1as dieron a luz a m\u00e1s varones, por una diferencia m\u00ednima en comparaci\u00f3n a las beb\u00e9s. Hasta el mes de noviembre, el corte m\u00e1s actualizado de los SSO, hab\u00edan nacido 29 mil 79 varones y 28 mil 116 mujeres. De 40 nacimientos a\u00fan no se confirma la informaci\u00f3n.<\/p>\n\n\n\n<p class=\"MsoNormal\">En el 2019 el primer nacimiento en la ciudad de Oaxaca tambi\u00e9n fue de un ni\u00f1o, pero se registr\u00f3 en el Hospital General de Zona N\u00famero Uno \u201cDr. Demetrio Mayoral Pardo\u201d, del Instituto Mexicano del Seguro Social (IMSS),&nbsp;<a href=\"\/\/4\">a las 00:25<\/a>&nbsp;horas.&nbsp;<\/p>\n","protected":false},"excerpt":{"rendered":"<p>Yuri Sosa\/Zona Roja.&nbsp; Oaxaca de Ju\u00e1rez, Oax,. 2 de enero de 2020.-&nbsp;&nbsp;A las 00:12&nbsp;horas del&hellip;<\/p>\n","protected":false},"author":2,"featured_media":7219,"comment_status":"closed","ping_status":"open","sticky":false,"template":"","format":"standard","meta":{"_lmt_disableupdate":"","_lmt_disable":"","_jetpack_memberships_contains_paid_content":false,"footnotes":""},"categories":[109,46],"tags":[],"class_list":["post-7220","post","type-post","status-publish","format-standard","has-post-thumbnail","hentry","category-minuto-a-minuto","category-zona-blanca"],"jetpack_featured_media_url":"https:\/\/zonaroja.com.mx\/wp-content\/uploads\/2020\/01\/img_4242.jpg","jetpack_sharing_enabled":true,"_links":{"self":[{"href":"https:\/\/zonaroja.com.mx\/index.php?rest_route=\/wp\/v2\/posts\/7220","targetHints":{"allow":["GET"]}}],"collection":[{"href":"https:\/\/zonaroja.com.mx\/index.php?rest_route=\/wp\/v2\/posts"}],"about":[{"href":"https:\/\/zonaroja.com.mx\/index.php?rest_route=\/wp\/v2\/types\/post"}],"author":[{"embeddable":true,"href":"https:\/\/zonaroja.com.mx\/index.php?rest_route=\/wp\/v2\/users\/2"}],"replies":[{"embeddable":true,"href":"https:\/\/zonaroja.com.mx\/index.php?rest_route=%2Fwp%2Fv2%2Fcomments&post=7220"}],"version-history":[{"count":1,"href":"https:\/\/zonaroja.com.mx\/index.php?rest_route=\/wp\/v2\/posts\/7220\/revisions"}],"predecessor-version":[{"id":7221,"href":"https:\/\/zonaroja.com.mx\/index.php?rest_route=\/wp\/v2\/posts\/7220\/revisions\/7221"}],"wp:featuredmedia":[{"embeddable":true,"href":"https:\/\/zonaroja.com.mx\/index.php?rest_route=\/wp\/v2\/media\/7219"}],"wp:attachment":[{"href":"https:\/\/zonaroja.com.mx\/index.php?rest_route=%2Fwp%2Fv2%2Fmedia&parent=7220"}],"wp:term":[{"taxonomy":"category","embeddable":true,"href":"https:\/\/zonaroja.com.mx\/index.php?rest_route=%2Fwp%2Fv2%2Fcategories&post=7220"},{"taxonomy":"post_tag","embeddable":true,"href":"https:\/\/zonaroja.com.mx\/index.php?rest_route=%2Fwp%2Fv2%2Ftags&post=7220"}],"curies":[{"name":"wp","href":"https:\/\/api.w.org\/{rel}","templated":true}]}}