{"id":72204,"date":"2024-09-07T10:00:00","date_gmt":"2024-09-07T16:00:00","guid":{"rendered":"https:\/\/zonaroja.com.mx\/?p=72204"},"modified":"2024-09-07T07:10:48","modified_gmt":"2024-09-07T13:10:48","slug":"otorga-juez-de-chiapas-segunda-suspension-definitiva-contra-reforma-judicial","status":"publish","type":"post","link":"https:\/\/zonaroja.com.mx\/?p=72204","title":{"rendered":"Otorga juez de Chiapas segunda suspensi\u00f3n definitiva contra reforma judicial"},"content":{"rendered":"\n<p>Redacci\u00f3n\/Zona Roja Cdmx.<\/p>\n\n\n\n<p>Ciudad de M\u00e9xico, a 7 de septiembre de 2024.- El juez tercero de distrito con sede en Tuxtla Guti\u00e9rrez, Chiapas, Felipe Consuelo Soto, concedi\u00f3 una suspensi\u00f3n definitiva en contra del proceso legislativo de la reforma judicial.<\/p>\n\n\n\n<p>Esta es la segunda suspensi\u00f3n definitiva en contra de dicha modificaci\u00f3n, impulsada por el gobierno. La otra, hab\u00eda sido otorgada d\u00edas antes por la jueza quinta de distrito de Morelos, Martha Maga\u00f1a L\u00f3pez. Esta determinaci\u00f3n jur\u00eddica, tambi\u00e9n pretende bloquear la concreci\u00f3n de la citada reforma prioritaria de la actual administraci\u00f3n federal.<\/p>\n\n\n\n<p>El viernes pasado el juzgador chiapaneco, Consuelo Soto, hab\u00eda otorgado una suspensi\u00f3n provisional en el juicio de amparo con n\u00famero de expediente 1190\/2024, y esta tarde concedi\u00f3 la definitiva.<\/p>\n\n\n\n<p>Esta semana los diputados de Morena y sus aliados, el Partido Verde y Partido del Trabajo aprobaron en lo particular y general la reforma la Poder Judicial, la cual pas\u00f3 al Senado, en donde ser\u00e1 discutida la pr\u00f3xima semana.<\/p>\n\n\n\n<p>(Informaci\u00f3n de \u00abLa Jornada\u00bb)<\/p>\n","protected":false},"excerpt":{"rendered":"<p>Redacci\u00f3n\/Zona Roja Cdmx. Ciudad de M\u00e9xico, a 7 de septiembre de 2024.- El juez tercero&hellip;<\/p>\n","protected":false},"author":2,"featured_media":72205,"comment_status":"closed","ping_status":"open","sticky":false,"template":"","format":"standard","meta":{"_lmt_disableupdate":"","_lmt_disable":"","_jetpack_memberships_contains_paid_content":false,"footnotes":""},"categories":[109,47],"tags":[4027],"class_list":["post-72204","post","type-post","status-publish","format-standard","has-post-thumbnail","hentry","category-minuto-a-minuto","category-zona-gris","tag-reforma-al-poder-judicial"],"jetpack_featured_media_url":"https:\/\/zonaroja.com.mx\/wp-content\/uploads\/2024\/09\/Protesta-reforma-judicial.jpg","jetpack_sharing_enabled":true,"_links":{"self":[{"href":"https:\/\/zonaroja.com.mx\/index.php?rest_route=\/wp\/v2\/posts\/72204","targetHints":{"allow":["GET"]}}],"collection":[{"href":"https:\/\/zonaroja.com.mx\/index.php?rest_route=\/wp\/v2\/posts"}],"about":[{"href":"https:\/\/zonaroja.com.mx\/index.php?rest_route=\/wp\/v2\/types\/post"}],"author":[{"embeddable":true,"href":"https:\/\/zonaroja.com.mx\/index.php?rest_route=\/wp\/v2\/users\/2"}],"replies":[{"embeddable":true,"href":"https:\/\/zonaroja.com.mx\/index.php?rest_route=%2Fwp%2Fv2%2Fcomments&post=72204"}],"version-history":[{"count":1,"href":"https:\/\/zonaroja.com.mx\/index.php?rest_route=\/wp\/v2\/posts\/72204\/revisions"}],"predecessor-version":[{"id":72206,"href":"https:\/\/zonaroja.com.mx\/index.php?rest_route=\/wp\/v2\/posts\/72204\/revisions\/72206"}],"wp:featuredmedia":[{"embeddable":true,"href":"https:\/\/zonaroja.com.mx\/index.php?rest_route=\/wp\/v2\/media\/72205"}],"wp:attachment":[{"href":"https:\/\/zonaroja.com.mx\/index.php?rest_route=%2Fwp%2Fv2%2Fmedia&parent=72204"}],"wp:term":[{"taxonomy":"category","embeddable":true,"href":"https:\/\/zonaroja.com.mx\/index.php?rest_route=%2Fwp%2Fv2%2Fcategories&post=72204"},{"taxonomy":"post_tag","embeddable":true,"href":"https:\/\/zonaroja.com.mx\/index.php?rest_route=%2Fwp%2Fv2%2Ftags&post=72204"}],"curies":[{"name":"wp","href":"https:\/\/api.w.org\/{rel}","templated":true}]}}