{"id":72210,"date":"2024-09-07T11:24:00","date_gmt":"2024-09-07T17:24:00","guid":{"rendered":"https:\/\/zonaroja.com.mx\/?p=72210"},"modified":"2024-09-07T11:29:53","modified_gmt":"2024-09-07T17:29:53","slug":"marino-oaxaqueno-de-titular-del-corredor-interoceanico-a-secretario","status":"publish","type":"post","link":"https:\/\/zonaroja.com.mx\/?p=72210","title":{"rendered":"Marino oaxaque\u00f1o: de titular del Corredor Interoce\u00e1nico a secretario"},"content":{"rendered":"\n<p>Redacci\u00f3n\/Zona Roja Cdmx.<\/p>\n\n\n\n<p>Ciudad de M\u00e9xico, a 7 de septiembre de 2024.- \u201cDoctora Claudia Sheinbaum Pardo, presidenta electa de M\u00e9xico y futura comandanta suprema de las Fuerzas Armadas\u201d, as\u00ed salud\u00f3 el pasado 21 de junio Raymundo Pedro Morales, director del Corredor Interoce\u00e1nico del Istmo de Tehuantepec, a la primera mujer en ganar la presidencia de la Rep\u00fablica. Sin saberlo, o quiz\u00e1 s\u00ed, casi tres meses despu\u00e9s ser\u00eda nombrado como secretario de Marina.<\/p>\n\n\n\n<p>El nacido en San Ildefonso, Sola de Vega, Oaxaca, fue designado este viernes como el pr\u00f3ximo secretario de Marina, cargo que dejar\u00e1 Jos\u00e9 Rafael Ojeda Dur\u00e1n el pr\u00f3ximo 30 de septiembre.<\/p>\n\n\n\n<p>A su cargo tendr\u00e1 a 74,296 marinos y m\u00faltiples tareas que el gobierno del presidente Andr\u00e9s Manuel L\u00f3pez Obrador dio a esa instituci\u00f3n, entre ellas, la administraci\u00f3n del Aeropuerto de la Ciudad de M\u00e9xico y de las aduanas del pa\u00eds.<\/p>\n\n\n\n<p>El pr\u00f3ximo integrante del gabinete de Claudia Sheinbaum tiene 41 a\u00f1os de servicio en la Marina.<\/p>\n\n\n\n<p>Estudi\u00f3 la Ingenier\u00eda en Ciencias Navales en la Heroica Escuela Naval, donde tambi\u00e9n obtuvo el t\u00edtulo de cadete.<\/p>\n\n\n\n<p>Tiene maestr\u00edas en Seguridad Nacional y en Administraci\u00f3n Naval, as\u00ed como el Diplomado de Estado Mayor.<\/p>\n\n\n\n<p>El 20 de noviembre de 2023 ascendi\u00f3 al cargo de almirante, con lo que se convirti\u00f3 en potencial candidato a llegar a ser secretario de Marina.<\/p>\n\n\n\n<p>En sus cuatro d\u00e9cadas en la Marina ha ocupado cargos como comandante de la Novena Zona Naval, director del Centro de Estudios Superiores Navales, agregado naval Adjunto a la Embajada de M\u00e9xico en los Estados Unidos de Am\u00e9rica y director del Centro de Estudios Superiores Navales de la Secretar\u00eda de Marina-Armada de M\u00e9xico (CESNAV).<\/p>\n\n\n\n<p>El 5 de enero de 2023, el presidente Andr\u00e9s Manuel L\u00f3pez Obrador lo nombr\u00f3 como director del Corredor Interoce\u00e1nico del Istmo de Tehuantepec, una de las obras estrat\u00e9gicas de su gobierno.<\/p>\n\n\n\n<p>(Informaci\u00f3n de \u201cExpansi\u00f3n Pol\u00edtica\u201d)<\/p>\n","protected":false},"excerpt":{"rendered":"<p>Redacci\u00f3n\/Zona Roja Cdmx. Ciudad de M\u00e9xico, a 7 de septiembre de 2024.- \u201cDoctora Claudia Sheinbaum&hellip;<\/p>\n","protected":false},"author":2,"featured_media":72211,"comment_status":"closed","ping_status":"open","sticky":false,"template":"","format":"standard","meta":{"_lmt_disableupdate":"","_lmt_disable":"","_jetpack_memberships_contains_paid_content":false,"footnotes":""},"categories":[109,46],"tags":[4056],"class_list":["post-72210","post","type-post","status-publish","format-standard","has-post-thumbnail","hentry","category-minuto-a-minuto","category-zona-blanca","tag-raymundo-pedro-morales"],"jetpack_featured_media_url":"https:\/\/zonaroja.com.mx\/wp-content\/uploads\/2024\/09\/Raymundo-Pedro-Morales-Marina.avif","jetpack_sharing_enabled":true,"_links":{"self":[{"href":"https:\/\/zonaroja.com.mx\/index.php?rest_route=\/wp\/v2\/posts\/72210","targetHints":{"allow":["GET"]}}],"collection":[{"href":"https:\/\/zonaroja.com.mx\/index.php?rest_route=\/wp\/v2\/posts"}],"about":[{"href":"https:\/\/zonaroja.com.mx\/index.php?rest_route=\/wp\/v2\/types\/post"}],"author":[{"embeddable":true,"href":"https:\/\/zonaroja.com.mx\/index.php?rest_route=\/wp\/v2\/users\/2"}],"replies":[{"embeddable":true,"href":"https:\/\/zonaroja.com.mx\/index.php?rest_route=%2Fwp%2Fv2%2Fcomments&post=72210"}],"version-history":[{"count":1,"href":"https:\/\/zonaroja.com.mx\/index.php?rest_route=\/wp\/v2\/posts\/72210\/revisions"}],"predecessor-version":[{"id":72212,"href":"https:\/\/zonaroja.com.mx\/index.php?rest_route=\/wp\/v2\/posts\/72210\/revisions\/72212"}],"wp:featuredmedia":[{"embeddable":true,"href":"https:\/\/zonaroja.com.mx\/index.php?rest_route=\/wp\/v2\/media\/72211"}],"wp:attachment":[{"href":"https:\/\/zonaroja.com.mx\/index.php?rest_route=%2Fwp%2Fv2%2Fmedia&parent=72210"}],"wp:term":[{"taxonomy":"category","embeddable":true,"href":"https:\/\/zonaroja.com.mx\/index.php?rest_route=%2Fwp%2Fv2%2Fcategories&post=72210"},{"taxonomy":"post_tag","embeddable":true,"href":"https:\/\/zonaroja.com.mx\/index.php?rest_route=%2Fwp%2Fv2%2Ftags&post=72210"}],"curies":[{"name":"wp","href":"https:\/\/api.w.org\/{rel}","templated":true}]}}