{"id":72216,"date":"2024-09-07T17:04:42","date_gmt":"2024-09-07T23:04:42","guid":{"rendered":"https:\/\/zonaroja.com.mx\/?p=72216"},"modified":"2024-09-07T17:04:44","modified_gmt":"2024-09-07T23:04:44","slug":"a-una-semana-del-homicido-de-diego-aseguran-que-se-avanza-en-justicia","status":"publish","type":"post","link":"https:\/\/zonaroja.com.mx\/?p=72216","title":{"rendered":"A una semana del homicido de Diego, aseguran que se avanza en justicia"},"content":{"rendered":"\n<p>Raymundo Morales\/Zona Roja.<\/p>\n\n\n\n<p>Oaxaca de Ju\u00e1rez, Oax., a 7 de septiembre de 2024.- A una semana de los hechos en un operativo de alcohol\u00edmetro de Santa Luc\u00eda del Camino, que dej\u00f3 una v\u00edctima por disparos de arma de fuego, autoridades ministeriales aseguran que hay avances en el caso.<\/p>\n\n\n\n<p>De acuerdo con informaci\u00f3n de la Fiscal\u00eda General del Estado de Oaxaca, hay dos polic\u00edas municipales detenidos, bajo proceso y a disposici\u00f3n de un juez del Poder Judicial, por el probable crimen de Diego Ignacio P., ocurrido la madrugada del s\u00e1bado 31 de agosto de este a\u00f1o.<\/p>\n\n\n\n<p>De acuerdo con la narrativa de los hechos, Diego y su amigo viajaban a bordo de un autom\u00f3vil cuando se toparon con el alcohol\u00edmetro colocado por personal del ayuntamiento de Santa Luc\u00eda en la avenida L\u00e1zaro C\u00e1rdenas.<\/p>\n\n\n\n<p>Los j\u00f3venes trataron de evadirlo, por lo que al parecer atropellaron a dos elementos de la Polic\u00eda Vial Municipal quienes resultaron gravemente lesionados.&nbsp;<\/p>\n\n\n\n<p>En respuesta, los uniformados a acudieron en persecuci\u00f3n de ambas personas y donde se registraron disparos de arma de fuego, por lo que uno de ellos lamentablemente perdi\u00f3 la vida.<\/p>\n\n\n\n<p>La autoridad municipal mostr\u00f3 voluntad para esclarecer los hechos, lo que convino a una serie de separaciones del cargo, al igual que detenciones, como fue el polic\u00eda vial A. R. P., que fue puesto a disposici\u00f3n de la Fiscal\u00eda General del Estado de Oaxaca (FGEO) como parte de las investigaciones sobre los hechos.<\/p>\n\n\n\n<p>Posteriormente, un segundo polic\u00eda vial, identificado como J. J. S. C., tambi\u00e9n qued\u00f3 a disposici\u00f3n de la Fiscal\u00eda, para seguir con el proceso.<\/p>\n\n\n\n<p>En tanto, en el ayuntamiento de Santa Luc\u00eda del Camino que encabeza Juan Carlos Garc\u00eda M\u00e1rquez &nbsp;anunci\u00f3 una restructuraci\u00f3n en la Direcci\u00f3n de Seguridad Municipal, en respuesta a la petici\u00f3n del Gobierno del Estado para asegurar la justicia para la familia de Diego.<\/p>\n\n\n\n<p>Esto signific\u00f3 el cese de sus funciones del Comandante de turno; Polic\u00eda Primero, Miguel S.S.; al Sub Oficial, Crist\u00f3bal V.G.; as\u00ed como al Polic\u00eda Segundo, Jos\u00e9 E.G.R.; a la Oficial, Gilda B.A.R.; y al Director de la Polic\u00eda Vial Municipal, comandante Cirino S.V.<\/p>\n\n\n\n<p>Tambi\u00e9n, present\u00f3 su renuncia Marcos Fredy Hern\u00e1ndez L\u00f3pez, Director de Seguridad P\u00fablica, quien fue suplido por el Comandante Antonio Santiago Blanco; adem\u00e1s, el ayuntamiento de Santa Luc\u00eda del Camino reiter\u00f3 su compromiso de continuar trabajando por coadyuvar con la Fiscal\u00eda para determinar realmente lo ocurrido.<\/p>\n","protected":false},"excerpt":{"rendered":"<p>Raymundo Morales\/Zona Roja. Oaxaca de Ju\u00e1rez, Oax., a 7 de septiembre de 2024.- A una&hellip;<\/p>\n","protected":false},"author":2,"featured_media":72163,"comment_status":"closed","ping_status":"open","sticky":false,"template":"","format":"standard","meta":{"_lmt_disableupdate":"","_lmt_disable":"","_jetpack_memberships_contains_paid_content":false,"footnotes":""},"categories":[109,47],"tags":[337],"class_list":["post-72216","post","type-post","status-publish","format-standard","has-post-thumbnail","hentry","category-minuto-a-minuto","category-zona-gris","tag-santa-lucia-del-camino"],"jetpack_featured_media_url":"https:\/\/zonaroja.com.mx\/wp-content\/uploads\/2024\/09\/303b160d-96fb-4603-9425-29fb7aa5c0f1-1.jpg","jetpack_sharing_enabled":true,"_links":{"self":[{"href":"https:\/\/zonaroja.com.mx\/index.php?rest_route=\/wp\/v2\/posts\/72216","targetHints":{"allow":["GET"]}}],"collection":[{"href":"https:\/\/zonaroja.com.mx\/index.php?rest_route=\/wp\/v2\/posts"}],"about":[{"href":"https:\/\/zonaroja.com.mx\/index.php?rest_route=\/wp\/v2\/types\/post"}],"author":[{"embeddable":true,"href":"https:\/\/zonaroja.com.mx\/index.php?rest_route=\/wp\/v2\/users\/2"}],"replies":[{"embeddable":true,"href":"https:\/\/zonaroja.com.mx\/index.php?rest_route=%2Fwp%2Fv2%2Fcomments&post=72216"}],"version-history":[{"count":1,"href":"https:\/\/zonaroja.com.mx\/index.php?rest_route=\/wp\/v2\/posts\/72216\/revisions"}],"predecessor-version":[{"id":72217,"href":"https:\/\/zonaroja.com.mx\/index.php?rest_route=\/wp\/v2\/posts\/72216\/revisions\/72217"}],"wp:featuredmedia":[{"embeddable":true,"href":"https:\/\/zonaroja.com.mx\/index.php?rest_route=\/wp\/v2\/media\/72163"}],"wp:attachment":[{"href":"https:\/\/zonaroja.com.mx\/index.php?rest_route=%2Fwp%2Fv2%2Fmedia&parent=72216"}],"wp:term":[{"taxonomy":"category","embeddable":true,"href":"https:\/\/zonaroja.com.mx\/index.php?rest_route=%2Fwp%2Fv2%2Fcategories&post=72216"},{"taxonomy":"post_tag","embeddable":true,"href":"https:\/\/zonaroja.com.mx\/index.php?rest_route=%2Fwp%2Fv2%2Ftags&post=72216"}],"curies":[{"name":"wp","href":"https:\/\/api.w.org\/{rel}","templated":true}]}}