{"id":72218,"date":"2024-09-07T17:18:55","date_gmt":"2024-09-07T23:18:55","guid":{"rendered":"https:\/\/zonaroja.com.mx\/?p=72218"},"modified":"2024-09-07T17:18:58","modified_gmt":"2024-09-07T23:18:58","slug":"violencia-imparable-en-el-istmo-un-ejecutado-y-un-herido","status":"publish","type":"post","link":"https:\/\/zonaroja.com.mx\/?p=72218","title":{"rendered":"Violencia imparable en el Istmo: un ejecutado y un herido"},"content":{"rendered":"\n<p>Raymundo Morales\/Zona Roja.<\/p>\n\n\n\n<p>Oaxaca de Ju\u00e1rez, Oax., a 7 de septiembre de 2024.- Un en\u00e9simo hecho criminal ocurri\u00f3 en la regi\u00f3n del Istmo de Tehuantepec.&nbsp;<\/p>\n\n\n\n<p>Este s\u00e1bado al mediod\u00eda, en el municipio de Salina Cruz se registr\u00f3 un ataque armado en contra de los ocupantes de un taxi, lo que dej\u00f3 como saldo una persona fallecida y otra lesionada.<\/p>\n\n\n\n<p>Los hechos ocurrieron en la carretera Trans\u00edstmica, a la altura de la colonia Aviaci\u00f3n, en que sujetos armados acribillaron a los ocupantes de la unidad de motor del sitio \u201c18 de Noviembre\u201d, con n\u00famero econ\u00f3mico 091.<\/p>\n\n\n\n<p>El pasajero del taxi, a\u00fan no identificado, perdi\u00f3 la vida al instante, mientras que el chofer del veh\u00edculo de alquiler qued\u00f3 gravemente herido y fue trasladado a un hospital.<\/p>\n\n\n\n<p>Luego de ello corporaciones de los tres niveles de gobierno efectuaron operativos de b\u00fasqueda, sin \u00e9xito alguno, pues no se ha reportado hasta el momento alguna detenci\u00f3n.<\/p>\n\n\n\n<p>Personal de la Vicefiscal\u00eda Regional del Istmo, dependiente de la Fiscal\u00eda General del Estado de Oaxaca, inici\u00f3 las indagatorias correspondientes.<\/p>\n\n\n\n<p>Apenas ayer viernes, tres personas fueron asesinadas en la regi\u00f3n istme\u00f1a, dos de ellas en el municipio de Salina Cruz y una en el municipio de Mat\u00edas Romero Avenda\u00f1o; en este caso tampoco se reportan personas detenidas.<\/p>\n","protected":false},"excerpt":{"rendered":"<p>Raymundo Morales\/Zona Roja. Oaxaca de Ju\u00e1rez, Oax., a 7 de septiembre de 2024.- Un en\u00e9simo&hellip;<\/p>\n","protected":false},"author":2,"featured_media":72219,"comment_status":"closed","ping_status":"open","sticky":false,"template":"","format":"standard","meta":{"_lmt_disableupdate":"","_lmt_disable":"","_jetpack_memberships_contains_paid_content":false,"footnotes":""},"categories":[109,51],"tags":[168],"class_list":["post-72218","post","type-post","status-publish","format-standard","has-post-thumbnail","hentry","category-minuto-a-minuto","category-zona-roja","tag-salina-cruz"],"jetpack_featured_media_url":"https:\/\/zonaroja.com.mx\/wp-content\/uploads\/2024\/09\/Ejecutado-en-taxi-Salina-Cruz.jpeg","jetpack_sharing_enabled":true,"_links":{"self":[{"href":"https:\/\/zonaroja.com.mx\/index.php?rest_route=\/wp\/v2\/posts\/72218","targetHints":{"allow":["GET"]}}],"collection":[{"href":"https:\/\/zonaroja.com.mx\/index.php?rest_route=\/wp\/v2\/posts"}],"about":[{"href":"https:\/\/zonaroja.com.mx\/index.php?rest_route=\/wp\/v2\/types\/post"}],"author":[{"embeddable":true,"href":"https:\/\/zonaroja.com.mx\/index.php?rest_route=\/wp\/v2\/users\/2"}],"replies":[{"embeddable":true,"href":"https:\/\/zonaroja.com.mx\/index.php?rest_route=%2Fwp%2Fv2%2Fcomments&post=72218"}],"version-history":[{"count":1,"href":"https:\/\/zonaroja.com.mx\/index.php?rest_route=\/wp\/v2\/posts\/72218\/revisions"}],"predecessor-version":[{"id":72220,"href":"https:\/\/zonaroja.com.mx\/index.php?rest_route=\/wp\/v2\/posts\/72218\/revisions\/72220"}],"wp:featuredmedia":[{"embeddable":true,"href":"https:\/\/zonaroja.com.mx\/index.php?rest_route=\/wp\/v2\/media\/72219"}],"wp:attachment":[{"href":"https:\/\/zonaroja.com.mx\/index.php?rest_route=%2Fwp%2Fv2%2Fmedia&parent=72218"}],"wp:term":[{"taxonomy":"category","embeddable":true,"href":"https:\/\/zonaroja.com.mx\/index.php?rest_route=%2Fwp%2Fv2%2Fcategories&post=72218"},{"taxonomy":"post_tag","embeddable":true,"href":"https:\/\/zonaroja.com.mx\/index.php?rest_route=%2Fwp%2Fv2%2Ftags&post=72218"}],"curies":[{"name":"wp","href":"https:\/\/api.w.org\/{rel}","templated":true}]}}