{"id":7222,"date":"2020-01-02T19:47:57","date_gmt":"2020-01-03T01:47:57","guid":{"rendered":"http:\/\/www.zonaroja.com.mx\/?p=7222"},"modified":"2020-01-02T19:48:14","modified_gmt":"2020-01-03T01:48:14","slug":"despiden-en-su-tierra-natal-a-ingeniero-oaxaqueno-asesinado-en-canada","status":"publish","type":"post","link":"https:\/\/zonaroja.com.mx\/?p=7222","title":{"rendered":"Despiden en su tierra natal a ingeniero oaxaque\u00f1o asesinado en Canad\u00e1"},"content":{"rendered":"\n<p>Yuridiana Sosa\/Zona Roja.<\/p>\n\n\n\n<p>Oaxaca de Ju\u00e1rez, Oax., 2 de enero de\n2020.-&nbsp; Familiares, amigos y poblaci\u00f3n en\ngeneral de Miahuatl\u00e1n de Porfirio D\u00edaz dieron este jueves el \u00faltimo adi\u00f3s al\njoven ingeniero Arturo Morales de Paz, asesinado en Canad\u00e1 el pasado 18 de\ndiciembre.<\/p>\n\n\n\n<p>El cuerpo del profesionista de 33 a\u00f1os de edad, lleg\u00f3 ayer a su natal poblaci\u00f3n, en la Sierra Sur, a casi dos semanas de los hechos ocurridos en Quebec, Canad\u00e1, cuando fue encontrado sin vida dentro de su autom\u00f3vil en el estacionamiento de un supermercado.<\/p>\n\n\n\n<figure class=\"wp-block-embed-twitter wp-block-embed is-type-rich is-provider-twitter\"><div class=\"wp-block-embed__wrapper\">\n<div class=\"twitter-tweet\"><blockquote class=\"twitter-tweet\" data-lang=\"es\"><p lang=\"es\" dir=\"ltr\">El sepelio de Arturo Morales de Paz, joven asesinado el pasado 18 de diciembre en Quebec, Canad\u00e1, se llev\u00f3 a cabo este jueves en su tierra natal, Miahuatl\u00e1n de Porfirio D\u00edaz, Oax. Cientos acudieron a la misa de cuerpo presente. <a href=\"https:\/\/t.co\/g2YkAX9BKV\">pic.twitter.com\/g2YkAX9BKV<\/a><\/p>&mdash; Zona Roja Oaxaca (@MexRoja) <a href=\"https:\/\/twitter.com\/MexRoja\/status\/1212875441872101376?ref_src=twsrc%5Etfw\">2 de enero de 2020<\/a><\/blockquote><\/div>\n<\/div><\/figure>\n\n\n\n<p>Morales de Paz, de profesi\u00f3n ingeniero\naeron\u00e1utico, fue asesinado de al menos cuatro pu\u00f1aladas, reportaron las\nautoridades correspondientes. As\u00ed tambi\u00e9n, se dio a conocer que el oaxaque\u00f1o se\ndispon\u00eda a viajar con destino a Oaxaca, y que abordar\u00eda su vuelo horas despu\u00e9s\nde que ocurri\u00f3 el asesinato.<\/p>\n\n\n\n<p>Este jueves, se llev\u00f3 a cabo la misa de\ncuerpo presente, para posteriormente trasladarse al pante\u00f3n de la poblaci\u00f3n\npara sepultarlo.<\/p>\n\n\n\n<p>Por otra parte, se espera que el cuerpo\nde Paulino Ramirez Lugos, quien muri\u00f3 el pasado 24 de diciembre en Flemington,\nNueva Jersey, Estados Unidos, llegue a la Ciudad de M\u00e9xico la noche del 3 de\nenero, para posteriormente ser trasladado al municipio de Santiago Juxtlahuaca,\nde donde era originario.<\/p>\n\n\n\n<p>El Instituto Oaxaque\u00f1os de Atenci\u00f3n al Migrante inform\u00f3 que durante el 2019 apoyaron con aproximadamente 184 traslados de restos mortuorios.<\/p>\n\n\n\n<figure class=\"wp-block-embed-twitter wp-block-embed is-type-rich is-provider-twitter\"><div class=\"wp-block-embed__wrapper\">\n<div class=\"twitter-tweet\"><blockquote class=\"twitter-tweet\" data-lang=\"es\"><p lang=\"es\" dir=\"ltr\">Esta tarde-noche, finamente el cuerpo de Arturo Morales de Paz lleg\u00f3 a su \u00faltima morada, en su tierra natal, Miahuatl\u00e1n de Porfirio D\u00edaz, de donde sali\u00f3 para triunfar en la vida y fuera de su pa\u00eds. Pero un sujeto le cort\u00f3 la vida en Canad\u00e1. <a href=\"https:\/\/t.co\/aEymVYF3Nz\">pic.twitter.com\/aEymVYF3Nz<\/a><\/p>&mdash; Zona Roja Oaxaca (@MexRoja) <a href=\"https:\/\/twitter.com\/MexRoja\/status\/1212911777614192640?ref_src=twsrc%5Etfw\">3 de enero de 2020<\/a><\/blockquote><\/div>\n<\/div><\/figure>\n","protected":false},"excerpt":{"rendered":"<p>Yuridiana Sosa\/Zona Roja. Oaxaca de Ju\u00e1rez, Oax., 2 de enero de 2020.-&nbsp; Familiares, amigos y&hellip;<\/p>\n","protected":false},"author":2,"featured_media":7223,"comment_status":"closed","ping_status":"open","sticky":false,"template":"","format":"standard","meta":{"_lmt_disableupdate":"","_lmt_disable":"","_jetpack_memberships_contains_paid_content":false,"footnotes":""},"categories":[109,47],"tags":[1186],"class_list":["post-7222","post","type-post","status-publish","format-standard","has-post-thumbnail","hentry","category-minuto-a-minuto","category-zona-gris","tag-arturo-morales-de-paz"],"jetpack_featured_media_url":"https:\/\/zonaroja.com.mx\/wp-content\/uploads\/2020\/01\/IMG_4283.jpg","jetpack_sharing_enabled":true,"_links":{"self":[{"href":"https:\/\/zonaroja.com.mx\/index.php?rest_route=\/wp\/v2\/posts\/7222","targetHints":{"allow":["GET"]}}],"collection":[{"href":"https:\/\/zonaroja.com.mx\/index.php?rest_route=\/wp\/v2\/posts"}],"about":[{"href":"https:\/\/zonaroja.com.mx\/index.php?rest_route=\/wp\/v2\/types\/post"}],"author":[{"embeddable":true,"href":"https:\/\/zonaroja.com.mx\/index.php?rest_route=\/wp\/v2\/users\/2"}],"replies":[{"embeddable":true,"href":"https:\/\/zonaroja.com.mx\/index.php?rest_route=%2Fwp%2Fv2%2Fcomments&post=7222"}],"version-history":[{"count":1,"href":"https:\/\/zonaroja.com.mx\/index.php?rest_route=\/wp\/v2\/posts\/7222\/revisions"}],"predecessor-version":[{"id":7224,"href":"https:\/\/zonaroja.com.mx\/index.php?rest_route=\/wp\/v2\/posts\/7222\/revisions\/7224"}],"wp:featuredmedia":[{"embeddable":true,"href":"https:\/\/zonaroja.com.mx\/index.php?rest_route=\/wp\/v2\/media\/7223"}],"wp:attachment":[{"href":"https:\/\/zonaroja.com.mx\/index.php?rest_route=%2Fwp%2Fv2%2Fmedia&parent=7222"}],"wp:term":[{"taxonomy":"category","embeddable":true,"href":"https:\/\/zonaroja.com.mx\/index.php?rest_route=%2Fwp%2Fv2%2Fcategories&post=7222"},{"taxonomy":"post_tag","embeddable":true,"href":"https:\/\/zonaroja.com.mx\/index.php?rest_route=%2Fwp%2Fv2%2Ftags&post=7222"}],"curies":[{"name":"wp","href":"https:\/\/api.w.org\/{rel}","templated":true}]}}