{"id":72221,"date":"2024-09-07T19:39:07","date_gmt":"2024-09-08T01:39:07","guid":{"rendered":"https:\/\/zonaroja.com.mx\/?p=72221"},"modified":"2024-09-07T19:39:10","modified_gmt":"2024-09-08T01:39:10","slug":"asegura-gobierno-que-atiende-carencias-del-hospital-civil-de-oaxaca","status":"publish","type":"post","link":"https:\/\/zonaroja.com.mx\/?p=72221","title":{"rendered":"Asegura gobierno que atiende carencias del Hospital Civil de Oaxaca"},"content":{"rendered":"\n<p>Redacci\u00f3n\/Zona Roja.<\/p>\n\n\n\n<p>Oaxaca de Ju\u00e1rez, Oax., a 7 de septiembre de 2024.- Con la finalidad de establecer mecanismos de coordinaci\u00f3n para fortalecer los servicios m\u00e9dicos, como es inter\u00e9s del Gobierno del Estado, se llev\u00f3 a cabo una reuni\u00f3n de trabajo con Servicios de Salud de Oaxaca (SSO), Servicios de Salud IMSS-Bienestar y representantes de la Secci\u00f3n 35 del Sindicato Nacional de Trabajadores de la Secretar\u00eda de Salud (SNTSA) y de la Subsecci\u00f3n 07 del Hospital General Doctor Aurelio Valdivieso.<\/p>\n\n\n\n<p>En este encuentro de apertura y di\u00e1logo abierto, el encargado del despacho de los SSO, Efr\u00e9n Emmanuel Jarqu\u00edn Gonz\u00e1lez, reiter\u00f3 el compromiso e inter\u00e9s de establecer mecanismos que permitan encontrar soluciones a las demandas m\u00e1s sentidas de este centro m\u00e9dico que fue abandonado por m\u00e1s de tres d\u00e9cadas.<\/p>\n\n\n\n<p>Dijo que el pliego petitorio de las y los trabajadores fue revisado con voluntad y entendimiento por ambas partes, por lo que este consenso entre autoridad y sindicato se traducir\u00e1 en beneficio de la poblaci\u00f3n que no cuenta con seguridad social.<\/p>\n\n\n\n<p>Dentro de los compromisos acordados se estableci\u00f3 la entrega de dos monitores pedi\u00e1tricos e igual n\u00famero de electrocardi\u00f3grafos en pr\u00f3ximos d\u00edas, as\u00ed como la compra de dos autoclaves, de 700 y 715 litros, con certificaci\u00f3n internacional. Aunado a ello, se realizar\u00e1n las gestiones necesarias a trav\u00e9s del SS IMSS-Bienestar para el fortalecimiento de m\u00e1s equipamiento.<\/p>\n\n\n\n<p>Finalmente, Jarqu\u00edn Gonz\u00e1lez subray\u00f3 que los SSO, como cabeza rectora del Sector Salud, trabajar\u00e1n y gestionar\u00e1n permanentemente para mejorar las condiciones que permitan que este nosocomio vuelva a latir con fuerza. \u201cCon voluntad y trabajo lograremos reivindicar el Hospital m\u00e1s emblem\u00e1tico de la entidad\u201d, dijo.<\/p>\n\n\n\n<p>Bajo esta premisa, estableci\u00f3 que siempre habr\u00e1 disposici\u00f3n, una coordinaci\u00f3n permanente y canales abiertos de comunicaci\u00f3n para lograr que las familias oaxaque\u00f1as accedan a servicios de salud de calidad.<\/p>\n","protected":false},"excerpt":{"rendered":"<p>Redacci\u00f3n\/Zona Roja. Oaxaca de Ju\u00e1rez, Oax., a 7 de septiembre de 2024.- Con la finalidad&hellip;<\/p>\n","protected":false},"author":2,"featured_media":66288,"comment_status":"closed","ping_status":"open","sticky":false,"template":"","format":"standard","meta":{"_lmt_disableupdate":"","_lmt_disable":"","_jetpack_memberships_contains_paid_content":false,"footnotes":""},"categories":[109,46],"tags":[1633],"class_list":["post-72221","post","type-post","status-publish","format-standard","has-post-thumbnail","hentry","category-minuto-a-minuto","category-zona-blanca","tag-hospital-general-dr-aurelio-valdivieso"],"jetpack_featured_media_url":"https:\/\/zonaroja.com.mx\/wp-content\/uploads\/2024\/03\/Hospital-Civil-Dr.-Aurelio-Valdivieso.jpeg","jetpack_sharing_enabled":true,"_links":{"self":[{"href":"https:\/\/zonaroja.com.mx\/index.php?rest_route=\/wp\/v2\/posts\/72221","targetHints":{"allow":["GET"]}}],"collection":[{"href":"https:\/\/zonaroja.com.mx\/index.php?rest_route=\/wp\/v2\/posts"}],"about":[{"href":"https:\/\/zonaroja.com.mx\/index.php?rest_route=\/wp\/v2\/types\/post"}],"author":[{"embeddable":true,"href":"https:\/\/zonaroja.com.mx\/index.php?rest_route=\/wp\/v2\/users\/2"}],"replies":[{"embeddable":true,"href":"https:\/\/zonaroja.com.mx\/index.php?rest_route=%2Fwp%2Fv2%2Fcomments&post=72221"}],"version-history":[{"count":1,"href":"https:\/\/zonaroja.com.mx\/index.php?rest_route=\/wp\/v2\/posts\/72221\/revisions"}],"predecessor-version":[{"id":72222,"href":"https:\/\/zonaroja.com.mx\/index.php?rest_route=\/wp\/v2\/posts\/72221\/revisions\/72222"}],"wp:featuredmedia":[{"embeddable":true,"href":"https:\/\/zonaroja.com.mx\/index.php?rest_route=\/wp\/v2\/media\/66288"}],"wp:attachment":[{"href":"https:\/\/zonaroja.com.mx\/index.php?rest_route=%2Fwp%2Fv2%2Fmedia&parent=72221"}],"wp:term":[{"taxonomy":"category","embeddable":true,"href":"https:\/\/zonaroja.com.mx\/index.php?rest_route=%2Fwp%2Fv2%2Fcategories&post=72221"},{"taxonomy":"post_tag","embeddable":true,"href":"https:\/\/zonaroja.com.mx\/index.php?rest_route=%2Fwp%2Fv2%2Ftags&post=72221"}],"curies":[{"name":"wp","href":"https:\/\/api.w.org\/{rel}","templated":true}]}}