{"id":72226,"date":"2024-09-08T07:50:00","date_gmt":"2024-09-08T13:50:00","guid":{"rendered":"https:\/\/zonaroja.com.mx\/?p=72226"},"modified":"2024-09-08T06:49:45","modified_gmt":"2024-09-08T12:49:45","slug":"habria-muertos-por-incendio-en-refineria-pemex-guarda-silencio","status":"publish","type":"post","link":"https:\/\/zonaroja.com.mx\/?p=72226","title":{"rendered":"Habr\u00eda muertos por incendio en refiner\u00eda; Pemex guarda silencio"},"content":{"rendered":"\n<p>Raymundo Morales\/Zona Roja.<\/p>\n\n\n\n<p>Oaxaca de Ju\u00e1rez, Oax., a 8 de septiembre de 2024.- Al menos dos personas habr\u00edan perdido la vida a causa del incendio ocurrido ayer por la tarde en un \u00e1rea de la refiner\u00eda \u201cIng. Antonio Doval\u00ed Jaime\u201d, en el municipio de Salina Cruz.<\/p>\n\n\n\n<p>Sin embargo, hasta el momento, Petr\u00f3leos Mexicanos (Pemex) no ha dado a conocer ninguna informaci\u00f3n respecto a la tragedia, as\u00ed como el ecocidio generado en Bah\u00eda La Ventosa, tras el siniestro.<\/p>\n\n\n\n<p>\u00danicamente la Coordinaci\u00f3n Estatal de Protecci\u00f3n Civil adelant\u00f3 ayer de manera escueta y preliminar: \u201cPersonal de la paraestatal informa que no se reportan personas heridas, v\u00edctimas ni da\u00f1os en la estructura del complejo petrolero\u201d.<\/p>\n\n\n\n<p>El incendio se suscit\u00f3 este s\u00e1bado en la refiner\u00eda de dicha ciudad y puerto y, seg\u00fan autoridades estatales, se origin\u00f3 en el \u00e1rea de drenajes de materiales de desecho, lo que origin\u00f3 miedo entre habitantes de Salina Cruz, pues las llamas como la columna de humo se ve\u00edan desde cualquier punto.<\/p>\n\n\n\n<p>Protecci\u00f3n Civil estatal, al igual que el ayuntamiento porte\u00f1o adelant\u00f3 que el fuego hab\u00eda sido controlado. Sin embargo, hasta esta ma\u00f1ana Pemex no ha dado a conocer ninguna informaci\u00f3n respecto de la tragedia.<\/p>\n\n\n\n<p>Por otra parte, pescadores de Bah\u00eda la Ventosa denunciaron que derivado de esta emergencia se registraron manchas de aceite en esta \u00e1rea, mismas que demandaron sean atendidas; en este caso tampoco hubo atenci\u00f3n por parte de la empresa mexicana.<\/p>\n","protected":false},"excerpt":{"rendered":"<p>Raymundo Morales\/Zona Roja. Oaxaca de Ju\u00e1rez, Oax., a 8 de septiembre de 2024.- Al menos&hellip;<\/p>\n","protected":false},"author":2,"featured_media":72227,"comment_status":"closed","ping_status":"open","sticky":false,"template":"","format":"standard","meta":{"_lmt_disableupdate":"","_lmt_disable":"","_jetpack_memberships_contains_paid_content":false,"footnotes":""},"categories":[109,47],"tags":[2341],"class_list":["post-72226","post","type-post","status-publish","format-standard","has-post-thumbnail","hentry","category-minuto-a-minuto","category-zona-gris","tag-refineria-ing-antonio-dovali-jaime-salina-cruz"],"jetpack_featured_media_url":"https:\/\/zonaroja.com.mx\/wp-content\/uploads\/2024\/09\/Incendio-refineria-Salina-Cruz.jpg","jetpack_sharing_enabled":true,"_links":{"self":[{"href":"https:\/\/zonaroja.com.mx\/index.php?rest_route=\/wp\/v2\/posts\/72226","targetHints":{"allow":["GET"]}}],"collection":[{"href":"https:\/\/zonaroja.com.mx\/index.php?rest_route=\/wp\/v2\/posts"}],"about":[{"href":"https:\/\/zonaroja.com.mx\/index.php?rest_route=\/wp\/v2\/types\/post"}],"author":[{"embeddable":true,"href":"https:\/\/zonaroja.com.mx\/index.php?rest_route=\/wp\/v2\/users\/2"}],"replies":[{"embeddable":true,"href":"https:\/\/zonaroja.com.mx\/index.php?rest_route=%2Fwp%2Fv2%2Fcomments&post=72226"}],"version-history":[{"count":1,"href":"https:\/\/zonaroja.com.mx\/index.php?rest_route=\/wp\/v2\/posts\/72226\/revisions"}],"predecessor-version":[{"id":72228,"href":"https:\/\/zonaroja.com.mx\/index.php?rest_route=\/wp\/v2\/posts\/72226\/revisions\/72228"}],"wp:featuredmedia":[{"embeddable":true,"href":"https:\/\/zonaroja.com.mx\/index.php?rest_route=\/wp\/v2\/media\/72227"}],"wp:attachment":[{"href":"https:\/\/zonaroja.com.mx\/index.php?rest_route=%2Fwp%2Fv2%2Fmedia&parent=72226"}],"wp:term":[{"taxonomy":"category","embeddable":true,"href":"https:\/\/zonaroja.com.mx\/index.php?rest_route=%2Fwp%2Fv2%2Fcategories&post=72226"},{"taxonomy":"post_tag","embeddable":true,"href":"https:\/\/zonaroja.com.mx\/index.php?rest_route=%2Fwp%2Fv2%2Ftags&post=72226"}],"curies":[{"name":"wp","href":"https:\/\/api.w.org\/{rel}","templated":true}]}}