{"id":72229,"date":"2024-09-08T08:50:00","date_gmt":"2024-09-08T14:50:00","guid":{"rendered":"https:\/\/zonaroja.com.mx\/?p=72229"},"modified":"2024-09-08T07:14:29","modified_gmt":"2024-09-08T13:14:29","slug":"reforma-judicial-debe-desembocar-en-sistema-de-justicia-intercultural-senador","status":"publish","type":"post","link":"https:\/\/zonaroja.com.mx\/?p=72229","title":{"rendered":"Reforma judicial debe desembocar en sistema de justicia intercultural: senador"},"content":{"rendered":"\n<p>Raymundo Morales\/Zona Roja.<\/p>\n\n\n\n<p>Oaxaca de Ju\u00e1rez, Oax., a 8 de septiembre de 2024.- \u201cEn el proceso judicial deber\u00eda estar garantizada una justicia libre de prejuicios, estereotipos y discriminaci\u00f3n, as\u00ed como el acceso y goce de todos los derechos reconocidos en la Constituci\u00f3n y en la legislaci\u00f3n internacional suscrita por nuestro pa\u00eds, pero la realidad es totalmente opuesta\u201d.<\/p>\n\n\n\n<p>As\u00ed se pronunci\u00f3 el senador por Oaxaca, Antonino Morales Toledo, al reiterar su respaldo a la reforma al Poder Judicial de la Federaci\u00f3n y a unas horas de que se discuta la minuta enviada por la C\u00e1mara de Diputados federal.<\/p>\n\n\n\n<p>Expuso que en el sistema penitenciario nacional, m\u00e1s de ocho mil personas pertenecientes a pueblos originarios est\u00e1n privadas de su libertad y al 85 por ciento de esta poblaci\u00f3n se le neg\u00f3 el acompa\u00f1amiento de un int\u00e9rprete para su asistencia legal.<\/p>\n\n\n\n<p>El legislador istme\u00f1o acus\u00f3 a juzgadoras y juzgadores por incumplir con la debida aplicaci\u00f3n de la perspectiva de interculturalidad en los procesos judiciales, la cual es obligatoria de acuerdo con el Protocolo para juzgar con perspectiva intercultural establecido por la Suprema Corte de Justicia de la Naci\u00f3n (SCJN).<\/p>\n\n\n\n<p>Recrimin\u00f3 a la Ministra Norma Pi\u00f1a por participar en manifestaciones contra la reforma judicial, pero nunca haberse pronunciado por revisar el juicio de miles de mujeres y hombres ind\u00edgenas encarcelados injustamente y que est\u00e1n a la espera de una sentencia.<\/p>\n\n\n\n<p>\u201cEs una infamia que defiendan un Poder Judicial que castiga a los m\u00e1s pobres entre los pobres y brinda impunidad a quien puede pagarla; un sistema de justicia que castiga no hablar espa\u00f1ol carece de legitimidad y legalidad\u201d.<\/p>\n\n\n\n<p>Morales Toledo coment\u00f3 que propondr\u00e1 que el acceso a la justicia para las personas ind\u00edgenas sea incorporado al debate de la iniciativa de reforma del Poder Judicial planteada por el presidente Andr\u00e9s Manuel L\u00f3pez Obrador.<\/p>\n\n\n\n<p>El senador manifest\u00f3 que la reforma judicial debe resultar en la conformaci\u00f3n de un sistema de justicia intercultural, con jueces, magistrados y ministros que apliquen el principio pro persona para garantizar el pleno reconocimiento de la diferencia pol\u00edtica, jur\u00eddica y cultural de personas, pueblos y comunidades ind\u00edgenas.<\/p>\n","protected":false},"excerpt":{"rendered":"<p>Raymundo Morales\/Zona Roja. Oaxaca de Ju\u00e1rez, Oax., a 8 de septiembre de 2024.- \u201cEn el&hellip;<\/p>\n","protected":false},"author":2,"featured_media":72230,"comment_status":"closed","ping_status":"open","sticky":false,"template":"","format":"standard","meta":{"_lmt_disableupdate":"","_lmt_disable":"","_jetpack_memberships_contains_paid_content":false,"footnotes":""},"categories":[109,46],"tags":[180],"class_list":["post-72229","post","type-post","status-publish","format-standard","has-post-thumbnail","hentry","category-minuto-a-minuto","category-zona-blanca","tag-antonino-morales-toledo"],"jetpack_featured_media_url":"https:\/\/zonaroja.com.mx\/wp-content\/uploads\/2024\/09\/Antonino-Morales.jpg","jetpack_sharing_enabled":true,"_links":{"self":[{"href":"https:\/\/zonaroja.com.mx\/index.php?rest_route=\/wp\/v2\/posts\/72229","targetHints":{"allow":["GET"]}}],"collection":[{"href":"https:\/\/zonaroja.com.mx\/index.php?rest_route=\/wp\/v2\/posts"}],"about":[{"href":"https:\/\/zonaroja.com.mx\/index.php?rest_route=\/wp\/v2\/types\/post"}],"author":[{"embeddable":true,"href":"https:\/\/zonaroja.com.mx\/index.php?rest_route=\/wp\/v2\/users\/2"}],"replies":[{"embeddable":true,"href":"https:\/\/zonaroja.com.mx\/index.php?rest_route=%2Fwp%2Fv2%2Fcomments&post=72229"}],"version-history":[{"count":1,"href":"https:\/\/zonaroja.com.mx\/index.php?rest_route=\/wp\/v2\/posts\/72229\/revisions"}],"predecessor-version":[{"id":72231,"href":"https:\/\/zonaroja.com.mx\/index.php?rest_route=\/wp\/v2\/posts\/72229\/revisions\/72231"}],"wp:featuredmedia":[{"embeddable":true,"href":"https:\/\/zonaroja.com.mx\/index.php?rest_route=\/wp\/v2\/media\/72230"}],"wp:attachment":[{"href":"https:\/\/zonaroja.com.mx\/index.php?rest_route=%2Fwp%2Fv2%2Fmedia&parent=72229"}],"wp:term":[{"taxonomy":"category","embeddable":true,"href":"https:\/\/zonaroja.com.mx\/index.php?rest_route=%2Fwp%2Fv2%2Fcategories&post=72229"},{"taxonomy":"post_tag","embeddable":true,"href":"https:\/\/zonaroja.com.mx\/index.php?rest_route=%2Fwp%2Fv2%2Ftags&post=72229"}],"curies":[{"name":"wp","href":"https:\/\/api.w.org\/{rel}","templated":true}]}}