{"id":72232,"date":"2024-09-08T10:00:00","date_gmt":"2024-09-08T16:00:00","guid":{"rendered":"https:\/\/zonaroja.com.mx\/?p=72232"},"modified":"2024-09-08T07:26:44","modified_gmt":"2024-09-08T13:26:44","slug":"caen-dos-mexicanos-en-avion-con-droga-en-africa","status":"publish","type":"post","link":"https:\/\/zonaroja.com.mx\/?p=72232","title":{"rendered":"Caen dos mexicanos en avi\u00f3n con droga en \u00c1frica"},"content":{"rendered":"\n<p>Redacci\u00f3n\/Zona Roja Cdmx.<\/p>\n\n\n\n<p>Ciudad de M\u00e9xico, a 8 de septiembre de 2024.- Guinea-Bis\u00e1u requis\u00f3 ayer un cargamento de droga en una aeronave procedente de M\u00e9xico y detuvo a cinco de sus pasajeros, inform\u00f3 el cuerpo de seguridad local.<\/p>\n\n\n\n<p>Entre los detenidos en el aeropuerto Osvaldo Vieira, de Bis\u00e1u, la capital de este pa\u00eds del oeste de \u00c1frica, hay dos mexicanos, un brasile\u00f1o y un ecuatoriano, dijo la polic\u00eda. \u00c9stos se encuentran en manos de la polic\u00eda judicial bisauguineana y de la agencia antidroga estadunidense, agreg\u00f3.<\/p>\n\n\n\n<p>Las autoridades no precisaron la cantidad de droga intervenida, pero afirm\u00f3 que \u201ces la intercepci\u00f3n m\u00e1s importante desde comienzos de a\u00f1o\u201d.<\/p>\n\n\n\n<p>Guinea Bis\u00e1u, una antigua colonia portuguesa, es considerada por los expertos de seguridad como un punto de tr\u00e1nsito en el oeste de \u00c1frica de la coca\u00edna procedente de Sudam\u00e9rica hacia Europa.<\/p>\n\n\n\n<p>AL ALTIPLANO<\/p>\n\n\n\n<p>Por otra parte, Abigael Gonz\u00e1lez Valencia, \u201cEl Cuini\u201d, l\u00edder del grupo delictivo \u201cLos Cuinis\u201d, cu\u00f1ado de Nemesio Oseguera Cervantes, \u201cEl Mencho\u201d, y uno de los l\u00edderes financieros del c\u00e1rtel Jalisco Nueva Generaci\u00f3n (CJNG), fue trasladado del penal de Santa Martha al Cefereso n\u00famero 1, El Altiplano. Durante los \u00faltimos cinco a\u00f1os ha interpuesto m\u00faltiples amparos para no ser entregado en extradici\u00f3n a Estados Unidos.<\/p>\n\n\n\n<p>Gonz\u00e1lez Valencia fue detenido en mayo de 2015 y enviado a El Altiplano, en Almoloya, estado de M\u00e9xico, en donde permaneci\u00f3 hasta agosto de 2017, cuando pas\u00f3 al Cefereso 14, en G\u00f3mez Palacio, Durango.&nbsp;<\/p>\n\n\n\n<p>Luego nuevamente fue internado en el Altiplano y, posteriormente, de febrero a julio de 2019, estuvo en el Reclusorio Norte. Posteriormente fue retornado a El Altiplano, donde permaneci\u00f3 hasta mayo de 2021; desde donde lleg\u00f3 al penal de Santa Martha.<\/p>\n\n\n\n<p>(Con informaci\u00f3n de Gustavo Castillo y AFP en \u201cLa Jornada\u201d)<\/p>\n","protected":false},"excerpt":{"rendered":"<p>Redacci\u00f3n\/Zona Roja Cdmx. Ciudad de M\u00e9xico, a 8 de septiembre de 2024.- Guinea-Bis\u00e1u requis\u00f3 ayer&hellip;<\/p>\n","protected":false},"author":2,"featured_media":72233,"comment_status":"closed","ping_status":"open","sticky":false,"template":"","format":"standard","meta":{"_lmt_disableupdate":"","_lmt_disable":"","_jetpack_memberships_contains_paid_content":false,"footnotes":""},"categories":[109,47],"tags":[4058],"class_list":["post-72232","post","type-post","status-publish","format-standard","has-post-thumbnail","hentry","category-minuto-a-minuto","category-zona-gris","tag-guinea-bisau"],"jetpack_featured_media_url":"https:\/\/zonaroja.com.mx\/wp-content\/uploads\/2024\/09\/Droga-avion-Guinea.jpg","jetpack_sharing_enabled":true,"_links":{"self":[{"href":"https:\/\/zonaroja.com.mx\/index.php?rest_route=\/wp\/v2\/posts\/72232","targetHints":{"allow":["GET"]}}],"collection":[{"href":"https:\/\/zonaroja.com.mx\/index.php?rest_route=\/wp\/v2\/posts"}],"about":[{"href":"https:\/\/zonaroja.com.mx\/index.php?rest_route=\/wp\/v2\/types\/post"}],"author":[{"embeddable":true,"href":"https:\/\/zonaroja.com.mx\/index.php?rest_route=\/wp\/v2\/users\/2"}],"replies":[{"embeddable":true,"href":"https:\/\/zonaroja.com.mx\/index.php?rest_route=%2Fwp%2Fv2%2Fcomments&post=72232"}],"version-history":[{"count":1,"href":"https:\/\/zonaroja.com.mx\/index.php?rest_route=\/wp\/v2\/posts\/72232\/revisions"}],"predecessor-version":[{"id":72234,"href":"https:\/\/zonaroja.com.mx\/index.php?rest_route=\/wp\/v2\/posts\/72232\/revisions\/72234"}],"wp:featuredmedia":[{"embeddable":true,"href":"https:\/\/zonaroja.com.mx\/index.php?rest_route=\/wp\/v2\/media\/72233"}],"wp:attachment":[{"href":"https:\/\/zonaroja.com.mx\/index.php?rest_route=%2Fwp%2Fv2%2Fmedia&parent=72232"}],"wp:term":[{"taxonomy":"category","embeddable":true,"href":"https:\/\/zonaroja.com.mx\/index.php?rest_route=%2Fwp%2Fv2%2Fcategories&post=72232"},{"taxonomy":"post_tag","embeddable":true,"href":"https:\/\/zonaroja.com.mx\/index.php?rest_route=%2Fwp%2Fv2%2Ftags&post=72232"}],"curies":[{"name":"wp","href":"https:\/\/api.w.org\/{rel}","templated":true}]}}