{"id":72235,"date":"2024-09-08T10:29:00","date_gmt":"2024-09-08T16:29:00","guid":{"rendered":"https:\/\/zonaroja.com.mx\/?p=72235"},"modified":"2024-09-08T07:35:09","modified_gmt":"2024-09-08T13:35:09","slug":"realizan-carrera-en-apoyo-a-atleta-lesionada-por-perros-pitbull","status":"publish","type":"post","link":"https:\/\/zonaroja.com.mx\/?p=72235","title":{"rendered":"Realizan carrera en apoyo a atleta lesionada por perros Pitbull"},"content":{"rendered":"\n<p>Raymundo Morales\/Zona Roja. Foto: Territorio Score.<\/p>\n\n\n\n<p>Oaxaca de Ju\u00e1rez, Oax., a 8 de septiembre de 2024.- Cientos de personas se unieron este s\u00e1bado por la noche a la carrera en apoyo a la atleta Isidra Torres Hern\u00e1ndez, atacada por perros Pitbull la semana pasada y que le dejaron lesiones severas.<\/p>\n\n\n\n<p>Convocado por Oaxaca Running Club Squalo Multisport Team, la justa para recabar fondos para la corredora fue de seis kil\u00f3metros y parti\u00f3 de la explanada de Santo Domingo de Guzm\u00e1n, en el Centro Hist\u00f3rico de la ciudad de Oaxaca.<\/p>\n\n\n\n<p>La mujer de 52 a\u00f1os de edad fue atacada el pasado fin de semana mientras realizaba sus entrenamientos en el municipio de San Sebasti\u00e1n Tutla, colindante a la capital por el lado oriente.<\/p>\n\n\n\n<p>Pese a sus intentos por defenderse, recibi\u00f3 mordidas en ambos brazos, incluso podr\u00eda perder el izquierdo al igual que el derecho; sus piernas y pies tambi\u00e9n tienen severas lesiones.&nbsp;&nbsp;<\/p>\n\n\n\n<p>Los hechos ocurrieron este 1 de septiembre cuando la atleta originaria de San Sebasti\u00e1n Teitipac, entrenaba y fue atacada por tres perros; pese a la ayuda de los vecinos sus lesiones fueron severas.&nbsp;<\/p>\n\n\n\n<p>Actualmente se encuentra recibiendo atenci\u00f3n m\u00e9dica en el Hospital General \u201cDr. Aurelio Valdivieso\u201d.<\/p>\n\n\n\n<p>Isidra Torres se inici\u00f3 en el atletismo en el 2004 y en el 2022 celebr\u00f3 sus 50 a\u00f1os con una carrera de 25 kil\u00f3metros en la capital del estado.&nbsp;De ella depende hoy un hijo con discapacidad.<\/p>\n","protected":false},"excerpt":{"rendered":"<p>Raymundo Morales\/Zona Roja. Foto: Territorio Score. Oaxaca de Ju\u00e1rez, Oax., a 8 de septiembre de&hellip;<\/p>\n","protected":false},"author":2,"featured_media":72236,"comment_status":"closed","ping_status":"open","sticky":false,"template":"","format":"standard","meta":{"_lmt_disableupdate":"","_lmt_disable":"","_jetpack_memberships_contains_paid_content":false,"footnotes":""},"categories":[109,47],"tags":[4059],"class_list":["post-72235","post","type-post","status-publish","format-standard","has-post-thumbnail","hentry","category-minuto-a-minuto","category-zona-gris","tag-isidra-torres-hernandez"],"jetpack_featured_media_url":"https:\/\/zonaroja.com.mx\/wp-content\/uploads\/2024\/09\/Carrera-a-favor-de-mujer-lesionada-por-perros.jpeg","jetpack_sharing_enabled":true,"_links":{"self":[{"href":"https:\/\/zonaroja.com.mx\/index.php?rest_route=\/wp\/v2\/posts\/72235","targetHints":{"allow":["GET"]}}],"collection":[{"href":"https:\/\/zonaroja.com.mx\/index.php?rest_route=\/wp\/v2\/posts"}],"about":[{"href":"https:\/\/zonaroja.com.mx\/index.php?rest_route=\/wp\/v2\/types\/post"}],"author":[{"embeddable":true,"href":"https:\/\/zonaroja.com.mx\/index.php?rest_route=\/wp\/v2\/users\/2"}],"replies":[{"embeddable":true,"href":"https:\/\/zonaroja.com.mx\/index.php?rest_route=%2Fwp%2Fv2%2Fcomments&post=72235"}],"version-history":[{"count":1,"href":"https:\/\/zonaroja.com.mx\/index.php?rest_route=\/wp\/v2\/posts\/72235\/revisions"}],"predecessor-version":[{"id":72237,"href":"https:\/\/zonaroja.com.mx\/index.php?rest_route=\/wp\/v2\/posts\/72235\/revisions\/72237"}],"wp:featuredmedia":[{"embeddable":true,"href":"https:\/\/zonaroja.com.mx\/index.php?rest_route=\/wp\/v2\/media\/72236"}],"wp:attachment":[{"href":"https:\/\/zonaroja.com.mx\/index.php?rest_route=%2Fwp%2Fv2%2Fmedia&parent=72235"}],"wp:term":[{"taxonomy":"category","embeddable":true,"href":"https:\/\/zonaroja.com.mx\/index.php?rest_route=%2Fwp%2Fv2%2Fcategories&post=72235"},{"taxonomy":"post_tag","embeddable":true,"href":"https:\/\/zonaroja.com.mx\/index.php?rest_route=%2Fwp%2Fv2%2Ftags&post=72235"}],"curies":[{"name":"wp","href":"https:\/\/api.w.org\/{rel}","templated":true}]}}