{"id":72238,"date":"2024-09-08T11:35:00","date_gmt":"2024-09-08T17:35:00","guid":{"rendered":"https:\/\/zonaroja.com.mx\/?p=72238"},"modified":"2024-09-08T07:36:07","modified_gmt":"2024-09-08T13:36:07","slug":"en-11-meses-guerra-en-medio-oriente-ha-dejado-41-mil-muertos-en-gaza","status":"publish","type":"post","link":"https:\/\/zonaroja.com.mx\/?p=72238","title":{"rendered":"En 11 meses, guerra en Medio Oriente ha dejado 41 mil muertos en Gaza"},"content":{"rendered":"\n<p>Redacci\u00f3n\/Zona Roja Cdmx.<\/p>\n\n\n\n<p>Ciudad de M\u00e9xico, a 8 de septiembre de 2024.- Este s\u00e1bado se cumplen once meses desde el estallido de la guerra en Gaza, cuya cifra total de muertos llega ya a los 40 mil 939, la mayor\u00eda mujeres y ni\u00f1os, en un territorio devastado por los incesantes ataques por tierra, mar y aire del Ej\u00e9rcito israel\u00ed.<\/p>\n\n\n\n<p>En las \u00faltimas 48 horas, han muerto al menos 61 palestinos y m\u00e1s de 160 han resultado heridos, con lo que la cifra total de heridos alcanz\u00f3 hoy los 94 mil 616, seg\u00fan informa el Ministerio de Sanidad gazat\u00ed, en manos de Ham\u00e1s.<\/p>\n\n\n\n<p>Adem\u00e1s, se estima que los cuerpos de 10 mil personas siguen bajo los escombros y esparcidos por las carreteras, lugares a los que los equipos de emergencia y de defensa civil no pueden llegar por la intensidad de los bombardeos.<\/p>\n\n\n\n<p>\u201cOnce meses&#8230; Suficiente. Esto no puede durar m\u00e1s, la humanidad debe prevalecer. Alto al fuego ya\u201d, escribi\u00f3 el comisionado de la agencia de la ONU para los Refugiados Palestinos (UNRWA), Philippe Lazzarini, en su cuenta de X.<\/p>\n\n\n\n<p>Solo durante la jornada del viernes 33 palestinos murieron en diferentes ataques que se lanzaron a lo largo de todo el enclave palestino.<\/p>\n\n\n\n<p>\u201cLas fuerzas de ocupaci\u00f3n israel\u00edes llevaron a cabo ataques a\u00e9reos el viernes por la noche en el centro de la Franja de Gaza matando a varios civiles palestinos, seg\u00fan fuentes m\u00e9dicas\u201d, informa la agencia oficial de noticias palestina, Wafa.<\/p>\n\n\n\n<p>Los param\u00e9dicos evacuaron tambi\u00e9n anoche a varios fallecidos y heridos al hospital de Al Awda tras un bombardeo israel\u00ed que tuvo como objetivo una casa familiar al oeste del campo de refugiados de Nuseirat, en el centro del enclave.<\/p>\n\n\n\n<p>Seg\u00fan medios palestinos, \u201clas tiendas de campa\u00f1a fueron bombardeadas y quemadas mientras los desplazados preparaban comida\u201d en el campo de refugiados de Nuseirat.<\/p>\n\n\n\n<p>Anoche, tambi\u00e9n el Ej\u00e9rcito bombarde\u00f3 la escuela Halima al Sadiyya, ubicada al norte de la Franja, donde asegura hab\u00eda instalado \u201cun centro de comando y control de Ham\u00e1s\u201d.<\/p>\n\n\n\n<p>\u201cLos terroristas de Ham\u00e1s utilizaron el centro de mando y control para planificar y ejecutar ataques terroristas contra las tropas del Ej\u00e9rcito y el Estado de Israel\u201d, detallan en un comunicado castrense.<\/p>\n\n\n\n<p>Israel asegura, como suele hacer ante este tipo de bombardeos, que \u201ctomaron numerosas medidas para mitigar el riesgo de da\u00f1ar a civiles, incluido el uso de municiones precisas\u201d.<\/p>\n\n\n\n<p>La escuela atacada se hab\u00eda convertido en el refugio de decenas de familias desplazadas. El bombardeo mat\u00f3 a al menos treces palestinos y varios de ellos quedaron heridos, seg\u00fan fuentes palestinas.<\/p>\n\n\n\n<p>Los once meses de guerra llegan en uno de los momentos m\u00e1s cr\u00edticos puesto que las discrepancias entre Israel y Ham\u00e1s se han agudizado.<\/p>\n\n\n\n<p>(Informaci\u00f3n de la agencia EFE en \u201cEl Financiero\u201d)<\/p>\n","protected":false},"excerpt":{"rendered":"<p>Redacci\u00f3n\/Zona Roja Cdmx. Ciudad de M\u00e9xico, a 8 de septiembre de 2024.- Este s\u00e1bado se&hellip;<\/p>\n","protected":false},"author":2,"featured_media":69805,"comment_status":"closed","ping_status":"open","sticky":false,"template":"","format":"standard","meta":{"_lmt_disableupdate":"","_lmt_disable":"","_jetpack_memberships_contains_paid_content":false,"footnotes":""},"categories":[109,47],"tags":[2668],"class_list":["post-72238","post","type-post","status-publish","format-standard","has-post-thumbnail","hentry","category-minuto-a-minuto","category-zona-gris","tag-conflicto-gaza-israel"],"jetpack_featured_media_url":"https:\/\/zonaroja.com.mx\/wp-content\/uploads\/2024\/06\/Ninos-Gaza-heridos.jpg","jetpack_sharing_enabled":true,"_links":{"self":[{"href":"https:\/\/zonaroja.com.mx\/index.php?rest_route=\/wp\/v2\/posts\/72238","targetHints":{"allow":["GET"]}}],"collection":[{"href":"https:\/\/zonaroja.com.mx\/index.php?rest_route=\/wp\/v2\/posts"}],"about":[{"href":"https:\/\/zonaroja.com.mx\/index.php?rest_route=\/wp\/v2\/types\/post"}],"author":[{"embeddable":true,"href":"https:\/\/zonaroja.com.mx\/index.php?rest_route=\/wp\/v2\/users\/2"}],"replies":[{"embeddable":true,"href":"https:\/\/zonaroja.com.mx\/index.php?rest_route=%2Fwp%2Fv2%2Fcomments&post=72238"}],"version-history":[{"count":1,"href":"https:\/\/zonaroja.com.mx\/index.php?rest_route=\/wp\/v2\/posts\/72238\/revisions"}],"predecessor-version":[{"id":72239,"href":"https:\/\/zonaroja.com.mx\/index.php?rest_route=\/wp\/v2\/posts\/72238\/revisions\/72239"}],"wp:featuredmedia":[{"embeddable":true,"href":"https:\/\/zonaroja.com.mx\/index.php?rest_route=\/wp\/v2\/media\/69805"}],"wp:attachment":[{"href":"https:\/\/zonaroja.com.mx\/index.php?rest_route=%2Fwp%2Fv2%2Fmedia&parent=72238"}],"wp:term":[{"taxonomy":"category","embeddable":true,"href":"https:\/\/zonaroja.com.mx\/index.php?rest_route=%2Fwp%2Fv2%2Fcategories&post=72238"},{"taxonomy":"post_tag","embeddable":true,"href":"https:\/\/zonaroja.com.mx\/index.php?rest_route=%2Fwp%2Fv2%2Ftags&post=72238"}],"curies":[{"name":"wp","href":"https:\/\/api.w.org\/{rel}","templated":true}]}}