{"id":7225,"date":"2020-01-02T20:27:12","date_gmt":"2020-01-03T02:27:12","guid":{"rendered":"http:\/\/www.zonaroja.com.mx\/?p=7225"},"modified":"2020-01-02T20:27:15","modified_gmt":"2020-01-03T02:27:15","slug":"anuncian-familiares-de-desaparecidos-protestas-mensuales-para-exigir-justicia","status":"publish","type":"post","link":"https:\/\/zonaroja.com.mx\/?p=7225","title":{"rendered":"Anuncian familiares de desaparecidos protestas mensuales para exigir justicia"},"content":{"rendered":"\n<p>Evlin Arag\u00f3n\/Zona Roja.<\/p>\n\n\n\n<p>Oaxaca de Ju\u00e1rez, Oax., 2 de enero de\n2020.- Integrantes del Colectivo Oaxaque\u00f1os Unidos Exigiendo Justicia y Caminos\nA. C., iniciaron el a\u00f1o con una protesta pac\u00edfica en la capital de Oaxaca para\nexigir la aparici\u00f3n con vida de sus familiares desaparecidos, que se cuentan\npor decenas en la entidad. <\/p>\n\n\n\n<p>La noche de este mi\u00e9rcoles, marcharon\nde la explanada de Santo Domingo de Guzm\u00e1n hacia el z\u00f3calo de la capital.<\/p>\n\n\n\n<p>Ah\u00ed, Mar\u00eda Araceli Rom\u00e1n Salazar,\nhermana de profesor Carlos Ren\u00e9, desaparecido desde marzo del 2011, asegur\u00f3 que\nrealizar\u00e1n la misma actividad cada primero de mes con la intenci\u00f3n de hacer\nvisible la existencia de decenas de personas desaparecidas en Oaxaca. <\/p>\n\n\n\n<p>As\u00ed mismo, para exigir la aparici\u00f3n con\nvida de sus familiares y el trabajo de las autoridades en materia de seguridad\ny procuraci\u00f3n de justicia, que tienen la obligaci\u00f3n de realizar la b\u00fasqueda y\ndar con el paradero de cada una de las personas no localizadas.<\/p>\n\n\n\n<p>\u201cNos reciben, nos dan nuestro apapacho, una palmadita en la espalda y es todo lo que hacen porque no han investigado mientras la cifra de personas desaparecidas crece en Oaxaca\u201d, dijo previo a su participaci\u00f3n en la manifestaci\u00f3n pac\u00edfica.<\/p>\n\n\n\n<p> <div class=\"twitter-tweet\"><blockquote class=\"twitter-tweet\" data-lang=\"es\"><p lang=\"es\" dir=\"ltr\"><a href=\"https:\/\/twitter.com\/hashtag\/OaxacaGris?src=hash&amp;ref_src=twsrc%5Etfw\">#OaxacaGris<\/a> <br>El a\u00f1o inici\u00f3 con demandas de justicia por parte del Colectivo Oaxaque\u00f1os Unidos Exigiendo Justicia y Caminos A. C., que march\u00f3 esta tarde de la explanada del templo de Santo Domingo de Guzm\u00e1n hacia el z\u00f3calo de la capital. <a href=\"https:\/\/t.co\/iHcZaB83rB\">pic.twitter.com\/iHcZaB83rB<\/a><\/p>&mdash; Zona Roja Oaxaca (@MexRoja) <a href=\"https:\/\/twitter.com\/MexRoja\/status\/1212552894261743616?ref_src=twsrc%5Etfw\">2 de enero de 2020<\/a><\/blockquote><\/div>  <\/p>\n\n\n\n<p>Rom\u00e1n Salazar detall\u00f3 que hay registros\nde personas desaparecidas desde hace m\u00e1s 12 a\u00f1os, en el caso concreto de su\nfamiliar hace ocho a\u00f1os fue visto por \u00faltima vez, el 14 de marzo del 2011,\ncuando se dirig\u00eda de su domicilio, ubicado en Santa Cruz Xoxocotl\u00e1n, a la sede\ndel Centro de Estudios y Desarrollo Educativo del magisterio oaxaque\u00f1o (Cedes\n22).<\/p>\n\n\n\n<p>Explic\u00f3 que el grupo est\u00e1 conformado\npor familiares de 22 personas desaparecidas dentro de ellas Modesto Patolzin\nMois\u00e9n, Guadalupe P\u00e9rez S\u00e1nchez, Aldo Gonz\u00e1lez Aguirre, Bruno Alonzo Avenda\u00f1o\nMart\u00ednez, Jos\u00e9 Alberto Mart\u00ednez Santiago, Fidel Gabriel V\u00e1squez, Hannoi Edrel\nCruz Cort\u00e9s, Ren\u00e9 Alejandro Cruz, Federico Cruz Morales, Severina Paz Bautista,\nErnesto Garc\u00eda y \u00c1lvaro Reyes Cruz, entre otros.<\/p>\n\n\n\n<p>As\u00ed mismo, Ricardo Mart\u00ednez, hermano de\nJos\u00e9 Alberto Mart\u00ednez Santiago, desaparecido el 15 de octubre del 2016.<\/p>\n\n\n\n<p>Record\u00f3 que a finales de agosto del\n2018 buscaron mediante documento conseguir una reuni\u00f3n con el gobernador de Oaxaca,\nAlejandro Murat Hinojosa; sin embargo, hasta el momento el mandatario no les ha\nrecibido para escuchar de viva voz su demanda.<\/p>\n\n\n\n<p>Finalmente, reiter\u00f3 que mantendr\u00e1n las\nmovilizaciones para hacer visible la problem\u00e1tica y el aumento de\ndesapariciones en la entidad, as\u00ed como en espera que las autorizadas hagan su\ntrabajo y procuren justicia para las familias de las y los desaparecidos.<\/p>\n","protected":false},"excerpt":{"rendered":"<p>Evlin Arag\u00f3n\/Zona Roja. Oaxaca de Ju\u00e1rez, Oax., 2 de enero de 2020.- Integrantes del Colectivo&hellip;<\/p>\n","protected":false},"author":2,"featured_media":7226,"comment_status":"closed","ping_status":"open","sticky":false,"template":"","format":"standard","meta":{"_lmt_disableupdate":"","_lmt_disable":"","_jetpack_memberships_contains_paid_content":false,"footnotes":""},"categories":[109,47],"tags":[1221,494],"class_list":["post-7225","post","type-post","status-publish","format-standard","has-post-thumbnail","hentry","category-minuto-a-minuto","category-zona-gris","tag-colectivo-oaxaqueno-unidos-exigiendo-justicia","tag-fiscalia-general-del-estado-de-oaxaca"],"jetpack_featured_media_url":"https:\/\/zonaroja.com.mx\/wp-content\/uploads\/2020\/01\/Marcha-desaparecidos.jpg","jetpack_sharing_enabled":true,"_links":{"self":[{"href":"https:\/\/zonaroja.com.mx\/index.php?rest_route=\/wp\/v2\/posts\/7225","targetHints":{"allow":["GET"]}}],"collection":[{"href":"https:\/\/zonaroja.com.mx\/index.php?rest_route=\/wp\/v2\/posts"}],"about":[{"href":"https:\/\/zonaroja.com.mx\/index.php?rest_route=\/wp\/v2\/types\/post"}],"author":[{"embeddable":true,"href":"https:\/\/zonaroja.com.mx\/index.php?rest_route=\/wp\/v2\/users\/2"}],"replies":[{"embeddable":true,"href":"https:\/\/zonaroja.com.mx\/index.php?rest_route=%2Fwp%2Fv2%2Fcomments&post=7225"}],"version-history":[{"count":1,"href":"https:\/\/zonaroja.com.mx\/index.php?rest_route=\/wp\/v2\/posts\/7225\/revisions"}],"predecessor-version":[{"id":7227,"href":"https:\/\/zonaroja.com.mx\/index.php?rest_route=\/wp\/v2\/posts\/7225\/revisions\/7227"}],"wp:featuredmedia":[{"embeddable":true,"href":"https:\/\/zonaroja.com.mx\/index.php?rest_route=\/wp\/v2\/media\/7226"}],"wp:attachment":[{"href":"https:\/\/zonaroja.com.mx\/index.php?rest_route=%2Fwp%2Fv2%2Fmedia&parent=7225"}],"wp:term":[{"taxonomy":"category","embeddable":true,"href":"https:\/\/zonaroja.com.mx\/index.php?rest_route=%2Fwp%2Fv2%2Fcategories&post=7225"},{"taxonomy":"post_tag","embeddable":true,"href":"https:\/\/zonaroja.com.mx\/index.php?rest_route=%2Fwp%2Fv2%2Ftags&post=7225"}],"curies":[{"name":"wp","href":"https:\/\/api.w.org\/{rel}","templated":true}]}}