{"id":72252,"date":"2024-09-09T09:31:00","date_gmt":"2024-09-09T15:31:00","guid":{"rendered":"https:\/\/zonaroja.com.mx\/?p=72252"},"modified":"2024-09-08T21:45:31","modified_gmt":"2024-09-09T03:45:31","slug":"opinion-corredor-interoceanico-violencia-crimenes-y-desarrollo","status":"publish","type":"post","link":"https:\/\/zonaroja.com.mx\/?p=72252","title":{"rendered":"Opini\u00f3n. Corredor Interoce\u00e1nico: violencia, cr\u00edmenes y \u00bfdesarrollo?"},"content":{"rendered":"\n<p>Ismael Garc\u00eda M.\/Zona Roja.<\/p>\n\n\n\n<p>Oaxaca, Oax., a 9 de septiembre de 2024.- El Corredor Interoce\u00e1nico del Istmo de Tehuantepec es una hist\u00f3rica oportunidad de desarrollo para Oaxaca y para la regi\u00f3n sur-sureste de M\u00e9xico.<\/p>\n\n\n\n<p>Pero es tambi\u00e9n, lamentablemente, un bot\u00edn extraordinario para c\u00e1rteles del crimen organizado, que trafican principalmente con drogas y con migrantes, y hasta ahora no hay freno a ese violento escenario.<\/p>\n\n\n\n<p>En tan solo ocho d\u00edas de septiembre, fueron asesinadas una decena de personas, principalmente en Salina Cruz, Juchit\u00e1n de Zaragoza, Tehuantepec y Mat\u00edas Romero, curiosamente ruta del proyecto de Andr\u00e9s Manuel L\u00f3pez Obrador.<\/p>\n\n\n\n<p>Y en medio de ese escenario violento, el pasado viernes fue confirmado Raymundo Pedro Morales como pr\u00f3ximo secretario de Marina, con Claudia Sheinbaum; es un oaxaque\u00f1o, originario de San Ildefonso, en la Sierra Sur, y \u201ccasualmente\u201d su cargo anterior fue precisamente responsable de Corredor Interoce\u00e1nico, durante el sexenio obradorista.<\/p>\n\n\n\n<p>REGI\u00d3N VIOLENTA<\/p>\n\n\n\n<p>Los hechos de los primeros ocho d\u00edas de septiembre, realmente son un saldo preocupante. Por ejemplo, el 1 de septiembre hubo un ataque armado en Salina Cruz, con un herido.<\/p>\n\n\n\n<p>El d\u00eda 2, un asesinado en San Blas Atempa, otro en Juchit\u00e1n (un adolescente) y un taxi incendiado en Mat\u00edas Romero; el martes 3, un ejecutado en Mat\u00edas Romero.<\/p>\n\n\n\n<p>Una pausa el mi\u00e9rcoles 4, pero al d\u00eda siguiente, un ultimado a balazos y un herido en Juchit\u00e1n; el d\u00eda 6, un acribillado en Mat\u00edas Romero y dos ejecutados en Salina Cruz, mientras que el s\u00e1bado 7, un asesinado en el interior de un taxi y el chofer herido, en Salina Cruz. (El domingo 8 hubo cuatro homicidios dolosos, aunque todos en la regi\u00f3n de la Costa).<\/p>\n\n\n\n<p>Los primeros respondieres, como le llaman en el argot ministerial y policiaco, son los polic\u00edas municipales, pero lamentablemente, no aparecen por ning\u00fan lado y s\u00f3lo llegan por decenas a la escena del crimen, cuando ya sucedieron los hechos; de los ocho d\u00edas que detallamos, ninguna persona detenida.<\/p>\n\n\n\n<p>Y los ayuntamientos se excusan conque el tema de delitos de alto impacto es de competencia estatal y federal, por lo cual optan por no intervenir.<\/p>\n\n\n\n<p>Por cierto, en pr\u00e1cticamente todos los municipios con mayor violencia, como los citados, gobiernan autoridades emanadas del Partido Morena.<\/p>\n\n\n\n<p>\u00bfY la Guardia Nacional? \u00bfY la Marina? Ni sus luces y s\u00f3lo llegan tambi\u00e9n una vez que fueron consumados los delitos.<\/p>\n\n\n\n<p>Apenas el pasado jueves durante una conferencia de prensa, el secretario de Seguridad y Protecci\u00f3n Ciudadana de Oaxaca, Iv\u00e1n Garc\u00eda \u00c1lvarez, detall\u00f3 que los principales fen\u00f3menos generadores de violencia, son el tr\u00e1fico de indocumentados y la droga.<\/p>\n\n\n\n<p>\u201cEn el Istmo tenemos la cercan\u00eda con el estado de Chiapas, el \u00e1rea de Tapanatepec; en el estado de Oaxaca tenemos un corredor muy importante que es la colindancia con Salina Cruz, Tehuantepec, Juchit\u00e1n.<\/p>\n\n\n\n<p>\u201cExisten cuatro rutas de migrantes, existen grupos locales que tienen que ver mucho con algunos sindicatos en traslados, que arbitrariamente se han estado dedicando a cobrar excesivamente el traslado de un migrante; ilegalmente, las ganancias son de 500 a 600 mil pesos por semana.<\/p>\n\n\n\n<p>\u201cUn grupo determinado quiere coptar toda la cantidad mayor de migrantes y trasladarlas a trav\u00e9s de estas cuatro rutas y cobrarles\u2026<\/p>\n\n\n\n<p>\u201cEl problema que tenemos all\u00e1 es precisamente por el traslado de migrantes; tambi\u00e9n narcomenudeo, se est\u00e1 dando el seguimiento con Fiscal\u00eda, se est\u00e1 dando seguimiento, se est\u00e1n haciendo detenciones\u201d, explic\u00f3 el funcionario.<\/p>\n\n\n\n<p>Sin embargo, pese al conocimiento que se tiene de la problem\u00e1tica, as\u00ed como la presencia de personal de la Secretar\u00eda de Marina, el \u00edndice delictivo no baja. Ni siquiera con la intervenci\u00f3n de la Sedena y de la Guardia Nacional.<\/p>\n\n\n\n<p>DESOYEN ADVERTENCIA<\/p>\n\n\n\n<p>Hace 10 meses, el 8 de diciembre, estuvo en Oaxaca Jorge Guerrero Guti\u00e9rrez, especialista en seguridad nacional que durante una conferencia magistral en la biblioteca Francisco de Burgoa, dio un amplio panorama de la inseguridad y lanz\u00f3 tambi\u00e9n advertencias que debieron escuchar las autoridades:<\/p>\n\n\n\n<p>Se\u00f1al\u00f3 que en Oaxaca en&nbsp;los pr\u00f3ximos dos o tres a\u00f1os, dada la situaci\u00f3n geogr\u00e1fica, el desarrollo de proyectos estrat\u00e9gicos, y una mayor presencia de organizaciones criminales nacionales como son el C\u00e1rtel Jalisco y Sonora, se perfila una intensificaci\u00f3n de la disputa entre estas organizaciones en varios puntos del territorio.&nbsp;<\/p>\n\n\n\n<p>\u201cAlertamos sobre la expansi\u00f3n criminal del c\u00e1rtel Jalisco en la frontera de Veracruz, tanto en la regi\u00f3n del Istmo que busca controlar los mercados de extorsi\u00f3n y de rutas terrestres del Corredor Interoce\u00e1nico\u201d.&nbsp;<\/p>\n\n\n\n<p>\u201cAdvertimos que las disputas territoriales agrarias y comunitarias en m\u00faltiples municipios escalen su nivel de violencia dado el aumento de la presencia de grupos armados criminales en regiones hasta ahora pac\u00edficas e igualmente, estos grupos armados incrementar\u00e1n el n\u00famero de ataques contra funcionarios p\u00fablicos y liderazgos de organizaciones comunitarias para procurar su cooptaci\u00f3n\u201d (<a href=\"https:\/\/zonaroja.com.mx\/?p=63089\">https:\/\/zonaroja.com.mx\/?p=63089<\/a>).<\/p>\n\n\n\n<p>Pero parece que nadie ha hecho caso. La situaci\u00f3n es cada vez m\u00e1s cr\u00edtica en la franca del Corredor Interoce\u00e1nico.<\/p>\n\n\n\n<p>\u00bfHABR\u00c1 CAMBIO?<\/p>\n\n\n\n<p>En el sexenio de Claudia Sheinbaum Pardo, no parece que habr\u00e1 cambios en materia de seguridad.<\/p>\n\n\n\n<p>Quiz\u00e1 solamente en el discurso, pero nada m\u00e1s. Las estrategias seguir\u00e1n siendo las mismas, porque as\u00ed lo ha dictado el a\u00fan Presidente L\u00f3pez Obrador.<\/p>\n\n\n\n<p>Y la Guardia Nacional (que pronto pasar\u00e1 a manos de la Sedena), el Ej\u00e9rcito, la Marina, seguir\u00e1n siendo los baluartes del combate contra la inseguridad, en medio de fracasos, que se traducen en casi 200 mil muertos en el actual sexenio, el primero del morenismo.<\/p>\n\n\n\n<p>\u00bfHizo algo Raymundo Pedro Morales cuando fue responsable del proyecto del Corredor Interoce\u00e1nico. Nada m\u00e1s que administrar la problem\u00e1tica y tratar de concretar el sue\u00f1o presidencial. Pero en materia de seguridad, simplemente no se ha hecho.<\/p>\n\n\n\n<p>Precisamente L\u00f3pez Obrador fue quien determin\u00f3 que la seguridad de esa zona est\u00e9 en manos de la Marina y no se ven los resultados.<\/p>\n\n\n\n<p>As\u00ed que por lo pronto con la Secretar\u00eda de Marina en el gobierno de Claudia Sheinbaum no se contar\u00e1 en materia de seguridad, pues estar\u00e1 enfocado a acciones administrativas, como ya se le ha encargado la responsabilidad de muchos proyectos y aduanas.<\/p>\n\n\n\n<p>En el terreno estatal, las reuniones de las mesas de seguridad debieran terminar en m\u00e1s resultados. No es posible que semana a semana, o cotidianamente, se analice la problem\u00e1tica y que los acuerdos o los an\u00e1lisis no se traduzcan en resultados.<\/p>\n\n\n\n<p>Y si Oaxaca contin\u00faa en la misma ruta, pues en poco tiempo el crimen organizado tendr\u00e1 el control total de la franca del Corredor Interoce\u00e1nico. Y la violencia se podr\u00eda agudizar.<\/p>\n","protected":false},"excerpt":{"rendered":"<p>Ismael Garc\u00eda M.\/Zona Roja. Oaxaca, Oax., a 9 de septiembre de 2024.- El Corredor Interoce\u00e1nico&hellip;<\/p>\n","protected":false},"author":2,"featured_media":67764,"comment_status":"closed","ping_status":"open","sticky":false,"template":"","format":"standard","meta":{"_lmt_disableupdate":"","_lmt_disable":"","_jetpack_memberships_contains_paid_content":false,"footnotes":""},"categories":[456,109,48],"tags":[1353],"class_list":["post-72252","post","type-post","status-publish","format-standard","has-post-thumbnail","hentry","category-columna","category-minuto-a-minuto","category-zona-critica","tag-opinion-zona-critica"],"jetpack_featured_media_url":"https:\/\/zonaroja.com.mx\/wp-content\/uploads\/2024\/04\/Opinion-Zona-Roja-Ismael-Garcia.jpg","jetpack_sharing_enabled":true,"_links":{"self":[{"href":"https:\/\/zonaroja.com.mx\/index.php?rest_route=\/wp\/v2\/posts\/72252","targetHints":{"allow":["GET"]}}],"collection":[{"href":"https:\/\/zonaroja.com.mx\/index.php?rest_route=\/wp\/v2\/posts"}],"about":[{"href":"https:\/\/zonaroja.com.mx\/index.php?rest_route=\/wp\/v2\/types\/post"}],"author":[{"embeddable":true,"href":"https:\/\/zonaroja.com.mx\/index.php?rest_route=\/wp\/v2\/users\/2"}],"replies":[{"embeddable":true,"href":"https:\/\/zonaroja.com.mx\/index.php?rest_route=%2Fwp%2Fv2%2Fcomments&post=72252"}],"version-history":[{"count":1,"href":"https:\/\/zonaroja.com.mx\/index.php?rest_route=\/wp\/v2\/posts\/72252\/revisions"}],"predecessor-version":[{"id":72253,"href":"https:\/\/zonaroja.com.mx\/index.php?rest_route=\/wp\/v2\/posts\/72252\/revisions\/72253"}],"wp:featuredmedia":[{"embeddable":true,"href":"https:\/\/zonaroja.com.mx\/index.php?rest_route=\/wp\/v2\/media\/67764"}],"wp:attachment":[{"href":"https:\/\/zonaroja.com.mx\/index.php?rest_route=%2Fwp%2Fv2%2Fmedia&parent=72252"}],"wp:term":[{"taxonomy":"category","embeddable":true,"href":"https:\/\/zonaroja.com.mx\/index.php?rest_route=%2Fwp%2Fv2%2Fcategories&post=72252"},{"taxonomy":"post_tag","embeddable":true,"href":"https:\/\/zonaroja.com.mx\/index.php?rest_route=%2Fwp%2Fv2%2Ftags&post=72252"}],"curies":[{"name":"wp","href":"https:\/\/api.w.org\/{rel}","templated":true}]}}