{"id":72254,"date":"2024-09-09T07:30:00","date_gmt":"2024-09-09T13:30:00","guid":{"rendered":"https:\/\/zonaroja.com.mx\/?p=72254"},"modified":"2024-09-08T21:50:51","modified_gmt":"2024-09-09T03:50:51","slug":"actos-civicos-de-septiembre-reafirma-compromiso-con-los-ideales-patrios","status":"publish","type":"post","link":"https:\/\/zonaroja.com.mx\/?p=72254","title":{"rendered":"Actos c\u00edvicos de septiembre reafirma compromiso con los ideales patrios"},"content":{"rendered":"\n<p>Redacci\u00f3n\/Zona Roja.<\/p>\n\n\n\n<p>Oaxaca de Ju\u00e1rez, Oax., a 9 de septiembre de 2024.- En el marco del programa \u201cSeptiembre Mes de la Patria, Mes de la Cuarta Transformaci\u00f3n\u201d, el presidente municipal de Oaxaca de Ju\u00e1rez, Francisco Mart\u00ednez Neri, junto a integrantes del Cabildo, participaron este domingo en la ceremonia de Izamiento y honores a la Bandera con motivo del CLXXVII aniversario de la Batalla del Molino del Rey.<\/p>\n\n\n\n<p>\u201cLa transformaci\u00f3n que estamos viviendo el d\u00eda de hoy es una extensi\u00f3n del mismo esp\u00edritu de lucha y sacrificio que caracteriz\u00f3 a los defensores de aquella lucha en 1847\u201d, recalc\u00f3 el primer concejal junto a la titular de la Secretar\u00eda de Educaci\u00f3n P\u00fablica del Estado de Oaxaca y coordinadora del Mes Patrio, Delfina Elizabeth Guzm\u00e1n D\u00edaz.<\/p>\n\n\n\n<p>En la Alameda de Le\u00f3n y posterior a izar la bandera y rendir honores al L\u00e1baro Patrio, el edil capitalino afirm\u00f3 que con estos actos c\u00edvicos, en los que se sumaron instancias del gobierno municipal, se reafirma el compromiso con los ideales que inspiraron el sacrificio de quienes dieron su vida en aquel acto heroico, entre quienes resalta Antonio de la Luz Quirino y Le\u00f3n y Loyola.<\/p>\n\n\n\n<p>\u201cHoy tenemos la oportunidad para revitalizar esos principios y construir un futuro en el que cada mexicana y mexicano tenga la oportunidad de contribuir al progreso y la prosperidad de nuestra naci\u00f3n\u201d, enfatiz\u00f3 Mart\u00ednez Neri acompa\u00f1ado del Teniente Coronel de artiller\u00eda, Pedro Jes\u00fas Beltr\u00e1n Bol\u00e1n.<\/p>\n\n\n\n<p>Por su parte, la regidora de Derechos Humanos y Asuntos Ind\u00edgenas Mirna L\u00f3pez Torres, realiz\u00f3 la lectura de la Proclama de Independencia M\u00e9xico, quien, expres\u00f3, \u201csin patria ni libertad estamos a mucha distancia de la verdadera felicidad; preciso ha sido dar el paso que ya sabeis y comenzar por algo ha sido necesario, \u00a1que la antorcha que aqu\u00ed se enciende, no se apague jam\u00e1s!\u201d.<\/p>\n","protected":false},"excerpt":{"rendered":"<p>Redacci\u00f3n\/Zona Roja. Oaxaca de Ju\u00e1rez, Oax., a 9 de septiembre de 2024.- En el marco&hellip;<\/p>\n","protected":false},"author":2,"featured_media":72256,"comment_status":"closed","ping_status":"open","sticky":false,"template":"","format":"standard","meta":{"_lmt_disableupdate":"","_lmt_disable":"","_jetpack_memberships_contains_paid_content":false,"footnotes":""},"categories":[109,46],"tags":[148],"class_list":["post-72254","post","type-post","status-publish","format-standard","has-post-thumbnail","hentry","category-minuto-a-minuto","category-zona-blanca","tag-oaxaca-de-juarez"],"jetpack_featured_media_url":"https:\/\/zonaroja.com.mx\/wp-content\/uploads\/2024\/09\/Ceremonia-Molino-Rey-3.jpeg","jetpack_sharing_enabled":true,"_links":{"self":[{"href":"https:\/\/zonaroja.com.mx\/index.php?rest_route=\/wp\/v2\/posts\/72254","targetHints":{"allow":["GET"]}}],"collection":[{"href":"https:\/\/zonaroja.com.mx\/index.php?rest_route=\/wp\/v2\/posts"}],"about":[{"href":"https:\/\/zonaroja.com.mx\/index.php?rest_route=\/wp\/v2\/types\/post"}],"author":[{"embeddable":true,"href":"https:\/\/zonaroja.com.mx\/index.php?rest_route=\/wp\/v2\/users\/2"}],"replies":[{"embeddable":true,"href":"https:\/\/zonaroja.com.mx\/index.php?rest_route=%2Fwp%2Fv2%2Fcomments&post=72254"}],"version-history":[{"count":1,"href":"https:\/\/zonaroja.com.mx\/index.php?rest_route=\/wp\/v2\/posts\/72254\/revisions"}],"predecessor-version":[{"id":72257,"href":"https:\/\/zonaroja.com.mx\/index.php?rest_route=\/wp\/v2\/posts\/72254\/revisions\/72257"}],"wp:featuredmedia":[{"embeddable":true,"href":"https:\/\/zonaroja.com.mx\/index.php?rest_route=\/wp\/v2\/media\/72256"}],"wp:attachment":[{"href":"https:\/\/zonaroja.com.mx\/index.php?rest_route=%2Fwp%2Fv2%2Fmedia&parent=72254"}],"wp:term":[{"taxonomy":"category","embeddable":true,"href":"https:\/\/zonaroja.com.mx\/index.php?rest_route=%2Fwp%2Fv2%2Fcategories&post=72254"},{"taxonomy":"post_tag","embeddable":true,"href":"https:\/\/zonaroja.com.mx\/index.php?rest_route=%2Fwp%2Fv2%2Ftags&post=72254"}],"curies":[{"name":"wp","href":"https:\/\/api.w.org\/{rel}","templated":true}]}}