{"id":72258,"date":"2024-09-09T08:30:00","date_gmt":"2024-09-09T14:30:00","guid":{"rendered":"https:\/\/zonaroja.com.mx\/?p=72258"},"modified":"2024-09-08T22:02:40","modified_gmt":"2024-09-09T04:02:40","slug":"asesinan-a-otras-dos-personas-en-la-costa-sumaron-cinco-en-domingo","status":"publish","type":"post","link":"https:\/\/zonaroja.com.mx\/?p=72258","title":{"rendered":"Asesinan a otras dos personas en la Costa; sumaron cinco en domingo"},"content":{"rendered":"\n<p>Raymundo Morales\/Zona Roja.<\/p>\n\n\n\n<p>Oaxaca de Ju\u00e1rez, Oax., a 9 de septiembre de 2024.- Otras dos personas fueron asesinadas ayer domingo en comunidades de la regi\u00f3n Costa del estado, con lo que la cifra sube a cinco personas sin vida.<\/p>\n\n\n\n<p>En la comunidad de Bajos de Chila, perteneciente al municipio de San Pedro Mixtepec, fue ejecutado a balazos un individuo que transitaba a bordo de su bicicleta en la calle Morelos.<\/p>\n\n\n\n<p>Sujetos armados, hasta ahora desconocidos, le dispararon a la luz del d\u00eda y tras lo cual huyeron sin complicaciones, a falta de personal policiaco de dicho municipio.<\/p>\n\n\n\n<p>Tambi\u00e9n en San Pedro Pochutla se registr\u00f3 otro crimen, en c\u00e9ntrica calle de la cabecera municipal.<\/p>\n\n\n\n<p>En la calle Francisco Javier Mina fue ultimado un individuo de unos 25 a\u00f1os de edad, identificado hasta ahora como \u201cEl Chiquis\u201d, quien vest\u00eda un pantal\u00f3n corto y playera sencilla; en este caso tampoco hubo personas detenidas.<\/p>\n\n\n\n<p>Como se inform\u00f3, ayer se registraron dos cr\u00edmenes m\u00e1s, en jurisdicci\u00f3n de Santa Mar\u00eda Huazolotitl\u00e1n, donde otra persona m\u00e1s result\u00f3 lesionada; los cuerpos fueron retirados presuntamente por los agresores.<\/p>\n\n\n\n<p>Mientras que en Pinotepa Nacional fue ultimado a balazos un profesor de danza, en la colonia El Porvenir. En todos los casos no hay reporte de personas detenidas y relacionadas con estos cr\u00edmenes.<\/p>\n","protected":false},"excerpt":{"rendered":"<p>Raymundo Morales\/Zona Roja. Oaxaca de Ju\u00e1rez, Oax., a 9 de septiembre de 2024.- Otras dos&hellip;<\/p>\n","protected":false},"author":2,"featured_media":72259,"comment_status":"closed","ping_status":"open","sticky":false,"template":"","format":"standard","meta":{"_lmt_disableupdate":"","_lmt_disable":"","_jetpack_memberships_contains_paid_content":false,"footnotes":""},"categories":[109,51],"tags":[151],"class_list":["post-72258","post","type-post","status-publish","format-standard","has-post-thumbnail","hentry","category-minuto-a-minuto","category-zona-roja","tag-san-pedro-pochutla"],"jetpack_featured_media_url":"https:\/\/zonaroja.com.mx\/wp-content\/uploads\/2024\/09\/Asesinado-Bajos-de-Chilajpeg.jpeg","jetpack_sharing_enabled":true,"_links":{"self":[{"href":"https:\/\/zonaroja.com.mx\/index.php?rest_route=\/wp\/v2\/posts\/72258","targetHints":{"allow":["GET"]}}],"collection":[{"href":"https:\/\/zonaroja.com.mx\/index.php?rest_route=\/wp\/v2\/posts"}],"about":[{"href":"https:\/\/zonaroja.com.mx\/index.php?rest_route=\/wp\/v2\/types\/post"}],"author":[{"embeddable":true,"href":"https:\/\/zonaroja.com.mx\/index.php?rest_route=\/wp\/v2\/users\/2"}],"replies":[{"embeddable":true,"href":"https:\/\/zonaroja.com.mx\/index.php?rest_route=%2Fwp%2Fv2%2Fcomments&post=72258"}],"version-history":[{"count":1,"href":"https:\/\/zonaroja.com.mx\/index.php?rest_route=\/wp\/v2\/posts\/72258\/revisions"}],"predecessor-version":[{"id":72260,"href":"https:\/\/zonaroja.com.mx\/index.php?rest_route=\/wp\/v2\/posts\/72258\/revisions\/72260"}],"wp:featuredmedia":[{"embeddable":true,"href":"https:\/\/zonaroja.com.mx\/index.php?rest_route=\/wp\/v2\/media\/72259"}],"wp:attachment":[{"href":"https:\/\/zonaroja.com.mx\/index.php?rest_route=%2Fwp%2Fv2%2Fmedia&parent=72258"}],"wp:term":[{"taxonomy":"category","embeddable":true,"href":"https:\/\/zonaroja.com.mx\/index.php?rest_route=%2Fwp%2Fv2%2Fcategories&post=72258"},{"taxonomy":"post_tag","embeddable":true,"href":"https:\/\/zonaroja.com.mx\/index.php?rest_route=%2Fwp%2Fv2%2Ftags&post=72258"}],"curies":[{"name":"wp","href":"https:\/\/api.w.org\/{rel}","templated":true}]}}