{"id":72270,"date":"2024-09-09T12:13:00","date_gmt":"2024-09-09T18:13:00","guid":{"rendered":"https:\/\/zonaroja.com.mx\/?p=72270"},"modified":"2024-09-08T22:23:58","modified_gmt":"2024-09-09T04:23:58","slug":"destruye-fgr-25-vehiculos-blindados-de-carteles-del-noreste-y-del-golfo","status":"publish","type":"post","link":"https:\/\/zonaroja.com.mx\/?p=72270","title":{"rendered":"Destruye FGR 25 veh\u00edculos blindados de c\u00e1rteles del Noreste y del Golfo"},"content":{"rendered":"\n<p>Redacci\u00f3n\/Zona Roja Cdmx.<\/p>\n\n\n\n<p>Ciudad de M\u00e9xico, a 9 de septiembre de 2024.- La Fiscal\u00eda General de la Rep\u00fablica (FGR) destruy\u00f3 en Tamaulipas 25 veh\u00edculos con blindaje artesanal, que presuntamente pertenec\u00edan al C\u00e1rtel del Noreste y al C\u00e1rtel del Golfo.<\/p>\n\n\n\n<p>En comunicado de este domingo, inform\u00f3 que a trav\u00e9s de su Fiscal\u00eda Federal en el Estado de Tamaulipas, dio cumplimiento al Programa Destino de Bienes y Objetos del Delito, dispuesto en el C\u00f3digo Nacional de Procedimientos Penales, el cual prev\u00e9 la destrucci\u00f3n de los objetos que son instrumentos del delito.<\/p>\n\n\n\n<p>\u201cEl acto de destrucci\u00f3n se llev\u00f3 a cabo en las instalaciones de dicha Fiscal\u00eda Federal ubicada en Reynosa, de la misma entidad, relacionado con 18 expedientes. Fueron destruidos 25 veh\u00edculos con blindaje artesanal, los cuales se aseguraron en diversos enfrentamientos en Tamaulipas y que son denominados \u2018monstruos\u2019, presuntamente utilizados por personas pertenecientes a grupos delictivos\u201d, se\u00f1ala.<\/p>\n\n\n\n<p>Los veh\u00edculos fueron destruidos ante la presencia del Ministerio P\u00fablico Federal (MPF), quien coordin\u00f3 la acci\u00f3n de identificaci\u00f3n y realiz\u00f3 las diligencias correspondientes.<\/p>\n\n\n\n<p>Personal de peritos oficiales y personal del \u00d3rgano Interno de Control de la FGR verificaron que el procedimiento se llevara a cabo en los t\u00e9rminos de la norma aplicable.<\/p>\n\n\n\n<p>Adem\u00e1s, se destac\u00f3 la coordinaci\u00f3n con la Secretar\u00eda de la Defensa Nacional (SEDENA), y Guardia Estatal, quienes aseguraron y pusieron a disposici\u00f3n dichos veh\u00edculos.<\/p>\n\n\n\n<p>(Informaci\u00f3n de \u201cLa Jornada\u201d)<\/p>\n","protected":false},"excerpt":{"rendered":"<p>Redacci\u00f3n\/Zona Roja Cdmx. Ciudad de M\u00e9xico, a 9 de septiembre de 2024.- La Fiscal\u00eda General&hellip;<\/p>\n","protected":false},"author":2,"featured_media":72271,"comment_status":"closed","ping_status":"open","sticky":false,"template":"","format":"standard","meta":{"_lmt_disableupdate":"","_lmt_disable":"","_jetpack_memberships_contains_paid_content":false,"footnotes":""},"categories":[109,47],"tags":[],"class_list":["post-72270","post","type-post","status-publish","format-standard","has-post-thumbnail","hentry","category-minuto-a-minuto","category-zona-gris"],"jetpack_featured_media_url":"https:\/\/zonaroja.com.mx\/wp-content\/uploads\/2024\/09\/Vehiculos-blindados-artesanales.jpeg","jetpack_sharing_enabled":true,"_links":{"self":[{"href":"https:\/\/zonaroja.com.mx\/index.php?rest_route=\/wp\/v2\/posts\/72270","targetHints":{"allow":["GET"]}}],"collection":[{"href":"https:\/\/zonaroja.com.mx\/index.php?rest_route=\/wp\/v2\/posts"}],"about":[{"href":"https:\/\/zonaroja.com.mx\/index.php?rest_route=\/wp\/v2\/types\/post"}],"author":[{"embeddable":true,"href":"https:\/\/zonaroja.com.mx\/index.php?rest_route=\/wp\/v2\/users\/2"}],"replies":[{"embeddable":true,"href":"https:\/\/zonaroja.com.mx\/index.php?rest_route=%2Fwp%2Fv2%2Fcomments&post=72270"}],"version-history":[{"count":1,"href":"https:\/\/zonaroja.com.mx\/index.php?rest_route=\/wp\/v2\/posts\/72270\/revisions"}],"predecessor-version":[{"id":72272,"href":"https:\/\/zonaroja.com.mx\/index.php?rest_route=\/wp\/v2\/posts\/72270\/revisions\/72272"}],"wp:featuredmedia":[{"embeddable":true,"href":"https:\/\/zonaroja.com.mx\/index.php?rest_route=\/wp\/v2\/media\/72271"}],"wp:attachment":[{"href":"https:\/\/zonaroja.com.mx\/index.php?rest_route=%2Fwp%2Fv2%2Fmedia&parent=72270"}],"wp:term":[{"taxonomy":"category","embeddable":true,"href":"https:\/\/zonaroja.com.mx\/index.php?rest_route=%2Fwp%2Fv2%2Fcategories&post=72270"},{"taxonomy":"post_tag","embeddable":true,"href":"https:\/\/zonaroja.com.mx\/index.php?rest_route=%2Fwp%2Fv2%2Ftags&post=72270"}],"curies":[{"name":"wp","href":"https:\/\/api.w.org\/{rel}","templated":true}]}}