{"id":72273,"date":"2024-09-09T13:24:00","date_gmt":"2024-09-09T19:24:00","guid":{"rendered":"https:\/\/zonaroja.com.mx\/?p=72273"},"modified":"2024-09-08T22:25:40","modified_gmt":"2024-09-09T04:25:40","slug":"opinion-presidente-tambien-le-fallo-a-mijis","status":"publish","type":"post","link":"https:\/\/zonaroja.com.mx\/?p=72273","title":{"rendered":"Opini\u00f3n. Presidente, tambi\u00e9n le fall\u00f3 a \u201cMijis\u201d"},"content":{"rendered":"\n<p>Ver\u00f3nica Villalvazo (Frida Guerrera)<\/p>\n\n\n\n<p>Desde que tom\u00e9, conciencia de lo que era la pol\u00edtica, me inclin\u00e9, por la izquierda, aprend\u00ed a simpatizar con las causas de derechos humanos. La vida me llev\u00f3 a tomar cursos, diplomados, sobre educaci\u00f3n, comunicaci\u00f3n y psicolog\u00eda. Nunca me titul\u00e9 porque sent\u00eda que la vida se me iba estudiando. En 2004, acud\u00ed como muchos a ese llamado en contra del desafuero de Andr\u00e9s Manuel L\u00f3pez Obrador, hoy presidente saliente del pa\u00eds. Desde entonces opt\u00e9 por seguir los pasos del Licenciado, como mi madre me ense\u00f1\u00f3 a decirle. Ella, trabajadora del peri\u00f3dico \u201cLa Jornada\u201d ten\u00eda una amplia simpat\u00eda por \u00e9l y su causa, la causa de todos, mejorar este pa\u00eds.<\/p>\n\n\n\n<p>La vida me llev\u00f3 a dejar el consultorio donde trabajaba, dando pl\u00e1ticas a maestros, ni\u00f1os, ni\u00f1as y familias. Por lo que, en 2006, decid\u00ed unirme al plant\u00f3n de reforma, posterior a ello la reci\u00e9n nacida Radio AMLO me invit\u00f3, como locutora a principios de agosto de 2006, en noviembre de ese a\u00f1o; dos compa\u00f1eros locutores y yo nos trasladamos a Oaxaca, a dar cobertura un poco a la batalla que la APPO, manten\u00eda contra el entonces gobernador y asesino de Antequera Ulises Ruiz Ortiz.&nbsp;<\/p>\n\n\n\n<p>Me un\u00ed a ese proyecto de periodismo independiente, porque cre\u00eda en AMLO, porque deb\u00eda poner mi granito de arena para ayudar a que, en ese momento, nuestro presidente leg\u00edtimo, lograra llegar a ser presidente de la Naci\u00f3n. En 2007, me fui como pude a San Jos\u00e9 Tenango, y cubr\u00ed el primer grito de AMLO, como presidente leg\u00edtimo. Fue la primera vez que habl\u00e9 con \u00e9l, est\u00e1bamos cenando tamales, platicaba con los senadores Gabino y Salom\u00f3n, tambi\u00e9n lo acompa\u00f1aba el eterno diputado Benjam\u00edn Robles, Armando Contreras y otros&nbsp;personajes. Empez\u00f3&nbsp;a hablar de crear una revoluci\u00f3n de conciencias, le pregunt\u00e9 c\u00f3mo. Me mir\u00f3 y me dijo: \u2014No, ahorita, estamos cenando, le dije, cont\u00e9steme como ciudadana, no como prensa, vot\u00e9 por usted. Y fue que me contest\u00f3. As\u00ed me conoci\u00f3, cuestionando.<\/p>\n\n\n\n<p>Ten\u00edamos un pa\u00eds roto, aniquilado, masacrado, saqueado por la mayor\u00eda de los expresidentes, un pa\u00eds que necesitaba ser rescatado de la pobreza, el dolor, el infierno. Me qued\u00e9 a vivir en Oaxaca. La suerte y las ganas de conocer todo el&nbsp;estado&nbsp;me llevaron a trabajar como fot\u00f3grafa del entonces Senador Gabino&nbsp;Cu\u00e9. Acept\u00e9 porque el senador era af\u00edn a AMLO, y adem\u00e1s conocer\u00eda ese Oaxaca profundo.<\/p>\n\n\n\n<p>En 2009, luego de recibir una serie de amenazas, levantones, secuestros expr\u00e9s y dem\u00e1s, donde me advert\u00edan\u00a0que,\u00a0si no me iba de Oaxaca, me iban a matar. Eso no me achic\u00f3, al contrario, me impulsaba a seguir. Informando las graves violaciones a derechos humanos que se comet\u00edan en diversos contextos en la entidad. Fue en ese a\u00f1o que, Gabino\u00a0Cu\u00e9\u00a0y su suplente Salom\u00f3n Jara, iniciaron una gira de trabajo con AMLO, que obviamente la realic\u00e9 con ellos. Ah\u00ed fue donde aprend\u00ed a admirar mucho m\u00e1s al Licenciado. Ir\u00edamos con muy poca gente a esas giras, C\u00e9sar Y\u00e1\u00f1ez, entre ellos, la gente que acompa\u00f1aba a AMLO, que era relativamente poca, y nosotros, la gente que acompa\u00f1\u00e1bamos a Gabino, que tambi\u00e9n \u00e9ramos pocos. <\/p>\n\n\n\n<p>En varios municipios nos intentaron golpear, detener, nos agred\u00edan porque \u00edbamos con \u00e9l, cerraban caminos, ten\u00edamos que cruzar muchas veces caminando porque los r\u00edos no permit\u00edan que pasaran las camionetas. Hubo muchos momentos de tensi\u00f3n, pero tambi\u00e9n de mucha esperanza en la gente que con mucho amor esperaba a AMLO, a pesar de que los amenazaban para que no acudieran a las asambleas, la mayor\u00eda de ellas realizadas en las explanadas municipales. Esa frase de \u201c\u00e1nimo\u201d era su forma de saludarnos todas las ma\u00f1anas, as\u00ed tal lo ha hecho en cada ma\u00f1anera.\u00a0<\/p>\n\n\n\n<p>Redacto en primera persona porque nadie me platic\u00f3, lo viv\u00ed, lo palp\u00e9, lo respir\u00e9. Ve\u00eda a un hombre honesto, verdadero, sin&nbsp;poses; como bien, com\u00edamos al pie&nbsp;de carretera at\u00fan, en alg\u00fan peque\u00f1o negocio sobre el camino o en alg\u00fan hotel en Huatulco.&nbsp;<\/p>\n\n\n\n<p>Todo era sencillo, austero y con mucho coraz\u00f3n, por lo menos en algunos de nosotros. Cuando se le acercaba alguna v\u00edctima directa o indirecta de alg\u00fan delito, me preguntaba: \u201cFrida, qu\u00e9 sabes de esto\u201d Y le daba mi punto de vista, que siempre tomaba en cuenta. Cuando en 2010, me amenaz\u00f3 el grupo paramilitar del MULT, luego del asesinato de su l\u00edder, me sacaron de Oaxaca. Fui a verlo a su oficina en la colonia Roma, le platiqu\u00e9 lo que hab\u00eda pasado, me escuch\u00f3 atento y me dijo: \u201cNo puedes regresar a Oaxaca hasta que Gabino sea el gobernador\u201d.<\/p>\n\n\n\n<p>Faltaban un par de meses para que eso sucediera, por lo que estuve en Ciudad de M\u00e9xico, escondida hasta diciembre de 2010. Posteriormente, el ya gobernador Gabino, me llam\u00f3 para incorporarme a su gobierno. Me dediqu\u00e9 a ser directora de Comunicaci\u00f3n Social del DIF Oaxaca. Despu\u00e9s de inmiscuirme en temas delicados donde la ni\u00f1ez era violentada, fui corrida de ese lugar.\u00a0<\/p>\n\n\n\n<p>Un gran ser humano, Jes\u00fas Mart\u00ednez \u00c1lvarez, entonces secretario de Gobierno de Oaxaca, me requiri\u00f3 en la Secretar\u00eda General de Gobierno. Nuestros esfuerzos por cambiar Oaxaca fueron en vano, nadie nos escuch\u00f3, para generar cambios reales y mejorar ese Estado.<\/p>\n\n\n\n<p>Segu\u00ed escribiendo mi columna rota, segu\u00ed haciendo periodismo con perfil bajo, justo para no generar que cumplieran sus amenazas. Vi otras muchas veces al Licenciado cuando visitaba al gobernador. Lleg\u00f3 el final de la gobernatura de Gabino, en mi vida personal hubo cambios, por lo que decid\u00ed regresar despu\u00e9s de 11 a\u00f1os de vivir en Oaxaca, a la Ciudad de M\u00e9xico.<\/p>\n\n\n\n<p>Nunca dej\u00e9 de hacer periodismo siempre independiente. Fue justo cuando inici\u00e9 la documentaci\u00f3n de feminicidios en todo el pa\u00eds, para un mes despu\u00e9s empezar a redactar las historias de mujeres y ni\u00f1as asesinadas.&nbsp;<\/p>\n\n\n\n<p>No, no empec\u00e9 a hacer esta labor period\u00edstica y como defensora para golpear a nadie. Fue la necesidad de visibilizar todo el infierno que ya otras voces a\u00f1os atr\u00e1s estaban denunciando, pero s\u00ed, tambi\u00e9n era una forma de obligar a las autoridades a que tomaran en serio el feminicidio, que tanto autoridades como sociedad entendieran que las mujeres, ni\u00f1as y ni\u00f1os, no buscan ser asesinados. Que ninguna familia pide estar en el infierno eterno.<\/p>\n\n\n\n<p>Como lo refer\u00ed en mi recuento 2023. &nbsp;Desde aquel primer recuento de 2016. Tomando en cuenta solo feminicidios, en 2016 registramos 1559. En 2017, 1831. En 2018, 1913. En 2019 1857. En 2020, 1837. En 2021, 1707. En 2022, 1724. En 2023, 1293. Dolorosos y fr\u00edos n\u00fameros que, m\u00e1s que cifras, representan mujeres, sue\u00f1os, historias, vidas, familias aniquiladas. 13,721, feminicidios de mujeres y ni\u00f1as en 8 a\u00f1os, y solo los documentados por la prensa y algunas investigaciones propias. Destazadas, calcinadas, apu\u00f1aladas, violadas, asesinadas a balazos, tiradas en canales, r\u00edos, terrenos, carreteras, enterradas en fosas clandestinas. Desaparecidas, despojadas, desnudas, denigradas, olvidadas, descalificadas.<\/p>\n\n\n\n<p>La primera vez que acud\u00ed a la ma\u00f1anera fue en noviembre de 2019, levant\u00e9 la mano, pero no me dio la voz. Posteriormente, acud\u00ed el 14 de febrero de 2020, a la conferencia, ignorando por completo la movilizaci\u00f3n que se estaba realizando a las afueras de Palacio. Sin embargo, s\u00ed, lo mencion\u00e9:\u00a0fue un debate fuerte porque, como en muchas ocasiones tuve que levantar la voz para ser escuchada, no yo, las v\u00edctimas, las familias que en lo personal acompa\u00f1o. Las Voces de la Ausencia.\u00a0No por ser \u201cfeminista\u201d, porque no lo soy. <\/p>\n\n\n\n<p>No me gustan las etiquetas. Mencionar \u201cafuera est\u00e1n gritando mujeres, porque nos est\u00e1n asesinando\u201d fue suficiente para que los youtuberos (hoy los medios independientes), me se\u00f1alaran como la l\u00edder de las encapuchadas, situaci\u00f3n que desde el primer momento aclar\u00e9 no era. Recib\u00ed una serie de ataques en redes sociales desde entonces. Cada vez que acud\u00eda a la ma\u00f1anera era lo mismo, amenazas de muerte, mensajes de desacreditaci\u00f3n a mi labor que se unieron a\u00a0los que ya ven\u00eda padeciendo desde 2017, por parte de un youtubero y sus seguidores que defend\u00edan a un feminicida, que hoy est\u00e1 sentenciado.<\/p>\n\n\n\n<p>La respuesta del presidente, ese 14 de febrero me sorprendi\u00f3, \u00e9l me conoc\u00eda, sab\u00eda que no cobraba un peso por informar, por darle voz a quienes nos ocuparan, sab\u00eda que hab\u00eda sido parte de esos medios que iniciamos est\u00e9 trabajo para romper el cerco informativo en RADIO AMLO y otros proyectos alternativos. Debido a las constantes luchas de poderes en esos medios, fue que decid\u00ed hacer mi trabajo de comunicaci\u00f3n sola. El blog y canal de YouTube FridaGuerrera, nacieron el 01 de julio de 2007.<\/p>\n\n\n\n<p>\u00c9l, no ignoraba qui\u00e9n era, que era una persona totalmente af\u00edn a su proyecto. Jam\u00e1s esper\u00e9 un hueso como lo han manejado siempre. Todo lo que desde 2006 he llevado a cabo ha sido sin ning\u00fan otro inter\u00e9s m\u00e1s, que ayudar con mi granito de arena desde la comunicaci\u00f3n, desde hace 18 a\u00f1os.&nbsp;Desde 2016 como defensora, a cambiar este pa\u00eds y sus horrores.&nbsp;<\/p>\n\n\n\n<p>El 14 de febrero de 2022, acud\u00ed a solicitar que se buscara a Pedro Carrizales \u201cEl Mijis\u201d, quien se encontraba desaparecido desde el d\u00eda 02 de ese mes y a\u00f1o. En esa ocasi\u00f3n, \u201ccomprometido y preocupado\u201d, me dijo que s\u00ed, lo estaban buscando en Tamaulipas. El 25 de febrero nos trasladamos a Ciudad Victoria, donde nos aseguraron que todo indicaba que Mijis, hab\u00eda tenido un \u201caccidente\u201d. <\/p>\n\n\n\n<p>El 2 de marzo acudimos nuevamente a Ciudad Victoria, donde luego de 7 horas de escuchar un sinf\u00edn de mentiras, ratificaron que, seg\u00fan ellos, s\u00ed, hab\u00eda muerto en un accidente. Ese d\u00eda nos entregaron hecho\u00a0pedazos restos de Mijis. Nosotros estamos seguros de que no fue\u00a0un accidente, adem\u00e1s con mayor sustento al revisar la carpeta de investigaci\u00f3n y ver la serie de irregularidades que hay en torno al tema, al llevarle nuevamente el tema de Mijis a la ma\u00f1anera, nos prometi\u00f3 que se har\u00eda toda la investigaci\u00f3n, el 27 de junio de 2023, al tratar el tema\u00a0nuevamente, la secretaria de Seguridad y Protecci\u00f3n Ciudadana, Rosa Icela Rodr\u00edguez, le sugiri\u00f3 que la carpeta la atrajera la fiscal\u00eda general de la\u00a0Rep\u00fablica (FGR). \u00c9l, afirm\u00f3 que as\u00ed fuera, cosa que, hasta el d\u00eda de hoy, no ha pasado.<\/p>\n\n\n\n<p>La denuncia que le llev\u00e9, tambi\u00e9n a la conferencia, no una, much\u00edsimas veces, sobre Alejandro del Valle de la Vega, y la denuncia interpuesta por su esposa por violencia intrafamiliar y abuso sexual contra su menor hijo. Sujeto que adem\u00e1s sustentaba y con esto manten\u00eda amenazada a su esposa de que era \u201camigo\u201d del presidente, de Rosa Icela y Marcelo Ebrard y que, a \u00e9l nada le har\u00edan. Fue detenido el 05 de mayo de 2022, por la denuncia de abuso sexual, el 14 de octubre del mismo a\u00f1o. Fue liberado del Reclusorio Oriente. Hasta el momento, su situaci\u00f3n jur\u00eddica en torno a este delito sigue sin ser resuelta, y Alejandro del Valle, sigue manteniendo relaciones con sus amigos, no as\u00ed con el presidente (eso nos asegur\u00f3).&nbsp;<\/p>\n\n\n\n<p>S\u00ed, bien. \u00c9l, jam\u00e1s ha dado una orden para agredir alguna manifestaci\u00f3n, los gobiernos estatales de Morena, s\u00ed, han ejercido violencia en algunas manifestaciones. Como en Oaxaca, Veracruz, Ciudad de M\u00e9xico, Estado de M\u00e9xico. Nos queda claro que no depende de \u00e9l. Lo grave es la omisi\u00f3n. La necesidad que tiene de invisibilizar todo lo que est\u00e1 pasando, toda esa violencia, su negaci\u00f3n, es de terror.&nbsp;<\/p>\n\n\n\n<p>La vida de hombres, mujeres, ni\u00f1as y ni\u00f1os en Chiapas, Michoac\u00e1n, Veracruz, Oaxaca, Guerrero, Estado de M\u00e9xico, est\u00e1 constantemente en peligro, debido al alto nivel de violencia que existe no solo ah\u00ed. En todo el pa\u00eds, y, nuevamente, aunque muchas veces me lo dijo, que, \u00e9l no se escond\u00eda como avestruz, niega la realidad de desplazados, asesinados, desaparecidos. Se\u00f1alando que, son conflictos entre ellos, o, que, sus detractores solo ven lo malo y lo \u201cexageran\u201d.&nbsp;<\/p>\n\n\n\n<p>S\u00ed. Han disminuido los feminicidios, pero no al nivel que en las ma\u00f1aneras manejan. Nosotros hemos documentado, del 01 de enero al 06 de septiembre de 2024, 845 feminicidios. De, estos, son 58 feminicidios infantiles. 490 homicidios dolosos de mujeres.<\/p>\n\n\n\n<p>Hab\u00eda tantos temas que plantearle que solo esperaba a que me \u201ctocara\u201d acudir a la ma\u00f1anera. En ocasiones se encimaba con nuestra labor, pero el d\u00eda que me qued\u00e9 muda. Fue el 27 de junio de 2023, que le mostr\u00e9 los rostros de en aquel momento ocho beb\u00e9s localizados asesinados en calles del Estado de M\u00e9xico, y el de un peque\u00f1o asesinado por perros en Chihuahua, que nunca tuvo justicia. No me dijo nada, m\u00e1s que. \u201cEst\u00e1 bien\u201d, \u201cRosa Icela se encarga de tus temas\u201d. Ah\u00ed se cay\u00f3 todo lo que conoc\u00ed de ese hombre caminando en v\u00edas de terracer\u00eda en Oaxaca.&nbsp;<\/p>\n\n\n\n<p>Dej\u00e9, de acudir a las conferencias cuando hab\u00eda movilizaci\u00f3n de \u201cfeministas\u201d, para evitar que me encasillaran con ellas, (m\u00e1s de lo que me tienen), dej\u00e9, de dar entrevistas para evitar que lo golpearan, (me tragu\u00e9 el discurso de si vas, ayudas a que lo ataqu\u00e9 la derecha, dicho por un examigo m\u00edo, muy allegado al presidente). El 27 de diciembre de 2023, fue la \u00faltima vez que entr\u00e9 a la ma\u00f1anera al informe que se dio sobre desaparecidos. Como regularmente lo hac\u00eda, tuve que levantar la voz; el micr\u00f3fono nunca me lo dieron. Le cuestion\u00e9 sobre la verdadera cifra, ya que la nueva Comisionada de B\u00fasqueda de Personas, daba una cifra bastante dispar a la real.&nbsp;<\/p>\n\n\n\n<p>\u00abSe crey\u00f3, de verdad, y se lo digo con todo respeto, cre\u00edmos muchos en usted, incluidas muchas familias, mucha gente. Muchas familias que lo vieron como ahora s\u00ed, va a llegar (la justicia), usted mismo lo acaba de decir hace un rato, la justicia tarda a veces, pero llega. Si de verdad hubiera eco en sus funcionarios a atender a estas familias, que, se sienten abandonadas, que sienten que les quedaron a deber mucho. Si hubiera esa atenci\u00f3n, as\u00ed como ha hecho todas estas maravillosas grandes obras, y, que, mucha gente, lo reconocemos como uno de los mejores presidentes que ha tenido este pa\u00eds en los \u00faltimos a\u00f1os, as\u00ed se atendiera el tema social. <\/p>\n\n\n\n<p>Es en todo el pa\u00eds donde hay una deuda con la sociedad. Yo tengo familias de mujeres desaparecidas desde el 2016 que hemos tenido que ir a buscar a\u00a0Semefos\u00a0porque se parecen a sus hijas. Los Servicios Periciales dicen que no son, y las familias dicen \u00abes que es mi hija\u00bb. Hay una\u00a0deuda hist\u00f3rica con estas familias, con todos los ni\u00f1os que siguen siendo asesinados y es alarmante. Aplaudo lo que se hace referente al tema de las mascotas, pero es indignante que haya una ciudad de mascotas y que no haya una ciudad para rescatar a tantos ni\u00f1os de la calle\u00bb.<\/p>\n\n\n\n<p>Fueron las palabras que le dirig\u00ed aquel \u00faltimo acceso (desde entonces estoy censurada por Jes\u00fas Ram\u00edrez).&nbsp;<\/p>\n\n\n\n<p>Muchos nos criticaron a quienes cuestionamos al presidente, acus\u00e1ndonos de golpeadores, de conservadores, Meti\u00e9ndonos en sacos a los que no pertenec\u00edamos, y as\u00ed como \u00e9l, siempre ha dicho que no son iguales, al resto de los anteriores gobiernos, nosotros tampoco lo somos a esa prensa que lo ha atacado durante a\u00f1os, antes y despu\u00e9s de ser presidente. Hablando por m\u00ed, a pesar de todo, sigo creyendo que su gobierno es uno de los mejores; sin embargo, tambi\u00e9n neg\u00f3 todo el tiempo que la violencia, la inseguridad y los feminicidios siguen ah\u00ed acechando a la sociedad. &nbsp;En aquel \u00faltimo punto de su dec\u00e1logo del 14 de febrero de 2020, expres\u00f3. &nbsp;\u201cVamos a garantizar la paz y la tranquilidad en M\u00e9xico.\u201d &nbsp;Situaci\u00f3n que lamentablemente est\u00e1 a\u00fan muy lejos de concretarse.&nbsp;<\/p>\n\n\n\n<p>S\u00ed, no, lamentablemente no solo es&nbsp;Ayotzinapa. Son las madres de las v\u00edctimas de feminicidio, mujeres y ni\u00f1as desaparecidas, muchas de ellas por sus exparejas, parejas o por sus mismos padres o madres. Le qued\u00f3 a deber a \u201cMijis\u201d, quien tanto cre\u00eda en \u00e9l y a su familia, a los periodistas asesinados, a los beb\u00e9s sin identidad y arrojados en basurales, barrancas o devorados por perros.&nbsp;<\/p>\n\n\n\n<p>Se siente orgullo como mujer que llegue la primera mujer presidenta, ojal\u00e1 y Claudia, tenga mucha m\u00e1s empat\u00eda por las madres de las Voces de la Ausencia, ojal\u00e1 no solo centrara sus esfuerzos en grandes obras, ojal\u00e1 y que el ser mujer nos d\u00e9 la esperanza de otro mensaje desde esa tribuna. Ojal\u00e1 no se cierre a solamente escuchar a algunas voces, sino a todas aquellas que necesitan saber que esa frase d\u00e9. \u201cLlegamos todas\u201d sea una realidad y no una demagogia.<\/p>\n\n\n\n<p>\u00bfPara qu\u00e9, este relato? Para compartir con usted, lo que tratamos de construir desde la comunicaci\u00f3n alternativa. Pero, si admir\u00e9 mucho a AMLO, eso no evit\u00f3 que le tratara de cuestionar, de se\u00f1alarle las deficiencias que nosotros palpamos con las familias, en el trabajo de campo. S\u00ed, cre\u00ed en su movimiento, y a pesar de todo, sigo creyendo que es la mejor opci\u00f3n para este M\u00e9xico. Tener una ideolog\u00eda, jam\u00e1s nos debe llevar a aplaudir, eso nos resta independencia, profesionalismo, se\u00f1alar lo malo, no es detractor, es tratar de ayudar a que las cosas mejoren. Por fortuna, sigo viviendo como siempre lo he hecho, con lo necesario, porque jam\u00e1s vender\u00eda mis convicciones, eso no hablar\u00eda bien de la labor que efectuamos.&nbsp;<\/p>\n\n\n\n<p>Nosotros, seguiremos redactando historias, acompa\u00f1ando familias, ayudando a generar un poco de justicia donde podemos hacerlo, y tambi\u00e9n llevando los temas que deben ser tratados en las pr\u00f3ximas&nbsp;ma\u00f1aneras.<\/p>\n\n\n\n<p>*********<\/p>\n\n\n\n<p>Eres madre, padre, hermana, hermano, hija, hijo. De una mujer v\u00edctima de feminicidio, desaparici\u00f3n, o intento de feminicidio b\u00fascame, ay\u00fadame a visualizarlas y contar su historia. Voces de la Ausencia.<\/p>\n\n\n\n<p>&nbsp;P.D. A diferencia de las historias que contamos en este espacio; estas columnas (recuentos) son el trabajo period\u00edstico (documentaci\u00f3n) que todos los d\u00edas llevamos a cabo, lo hacemos con todo el amor y respeto con el que siempre hemos realizado&nbsp;nuestras redacciones.&nbsp;<\/p>\n\n\n\n<p>*Periodista y activista.<\/p>\n\n\n\n<p>@FridaGuerrera<\/p>\n\n\n\n<p>@vocesDLAusencia<\/p>\n","protected":false},"excerpt":{"rendered":"<p>Ver\u00f3nica Villalvazo (Frida Guerrera) Desde que tom\u00e9, conciencia de lo que era la pol\u00edtica, me&hellip;<\/p>\n","protected":false},"author":2,"featured_media":69816,"comment_status":"closed","ping_status":"open","sticky":false,"template":"","format":"standard","meta":{"_lmt_disableupdate":"","_lmt_disable":"","_jetpack_memberships_contains_paid_content":false,"footnotes":""},"categories":[456,109],"tags":[946],"class_list":["post-72273","post","type-post","status-publish","format-standard","has-post-thumbnail","hentry","category-columna","category-minuto-a-minuto","tag-frida-guerrera"],"jetpack_featured_media_url":"https:\/\/zonaroja.com.mx\/wp-content\/uploads\/2024\/06\/Frida-Guerrera-Veronica-Villalvazo.jpg","jetpack_sharing_enabled":true,"_links":{"self":[{"href":"https:\/\/zonaroja.com.mx\/index.php?rest_route=\/wp\/v2\/posts\/72273","targetHints":{"allow":["GET"]}}],"collection":[{"href":"https:\/\/zonaroja.com.mx\/index.php?rest_route=\/wp\/v2\/posts"}],"about":[{"href":"https:\/\/zonaroja.com.mx\/index.php?rest_route=\/wp\/v2\/types\/post"}],"author":[{"embeddable":true,"href":"https:\/\/zonaroja.com.mx\/index.php?rest_route=\/wp\/v2\/users\/2"}],"replies":[{"embeddable":true,"href":"https:\/\/zonaroja.com.mx\/index.php?rest_route=%2Fwp%2Fv2%2Fcomments&post=72273"}],"version-history":[{"count":1,"href":"https:\/\/zonaroja.com.mx\/index.php?rest_route=\/wp\/v2\/posts\/72273\/revisions"}],"predecessor-version":[{"id":72274,"href":"https:\/\/zonaroja.com.mx\/index.php?rest_route=\/wp\/v2\/posts\/72273\/revisions\/72274"}],"wp:featuredmedia":[{"embeddable":true,"href":"https:\/\/zonaroja.com.mx\/index.php?rest_route=\/wp\/v2\/media\/69816"}],"wp:attachment":[{"href":"https:\/\/zonaroja.com.mx\/index.php?rest_route=%2Fwp%2Fv2%2Fmedia&parent=72273"}],"wp:term":[{"taxonomy":"category","embeddable":true,"href":"https:\/\/zonaroja.com.mx\/index.php?rest_route=%2Fwp%2Fv2%2Fcategories&post=72273"},{"taxonomy":"post_tag","embeddable":true,"href":"https:\/\/zonaroja.com.mx\/index.php?rest_route=%2Fwp%2Fv2%2Ftags&post=72273"}],"curies":[{"name":"wp","href":"https:\/\/api.w.org\/{rel}","templated":true}]}}