{"id":72275,"date":"2024-09-09T11:30:00","date_gmt":"2024-09-09T17:30:00","guid":{"rendered":"https:\/\/zonaroja.com.mx\/?p=72275"},"modified":"2024-09-08T22:32:27","modified_gmt":"2024-09-09T04:32:27","slug":"carta-senores-obispos-respeten-al-pueblo","status":"publish","type":"post","link":"https:\/\/zonaroja.com.mx\/?p=72275","title":{"rendered":"Carta. Se\u00f1ores obispos:\u00a0respeten al pueblo"},"content":{"rendered":"\n<p>Redacci\u00f3n\/Zona Roja.<\/p>\n\n\n\n<p>Oaxaca de Ju\u00e1rez, Oax., a 9 de septiembre de 2024.- En una carta p\u00fablica, el activista social Flavio Sosa Villavicencio, pidi\u00f3 a la Conferencia del Episcopado Mexicano respetar la decisi\u00f3n del pueblo mexicano, respecto a las reformas al Poder Judicial.<\/p>\n\n\n\n<p>Aqu\u00ed el texto que dio a conocer el ahora funcionario del gobierno estatal:<\/p>\n\n\n\n<p>\u201cTuve el honor de estar preso por luchar contra un tirano en los penales de Almoloya y despu\u00e9s Cuicatl\u00e1n. Fui testigo de que jueces y magistrados fabricaron centenares de \u00f3rdenes de aprehensi\u00f3n contra oaxaque\u00f1as y oaxaque\u00f1os que s\u00f3lo anhel\u00e1bamos&nbsp;justicia, y que fuimos&nbsp;rehenes&nbsp;de un sistema judicial y pol\u00edtico corrupto.&nbsp;<\/p>\n\n\n\n<p>En su defensa de pol\u00edticos corruptos, en sus altos servicios al PRI y al PAN, jueces y magistrados&nbsp;se instalaron por encima de las leyes, de los&nbsp;derechos humanos,&nbsp;de&nbsp;la Constituci\u00f3n, y pisotearon a la justicia.<\/p>\n\n\n\n<p>Ese es el \u2018estado de derecho\u2019 que hoy&nbsp;defienden la derecha&nbsp;y&nbsp;ustedes, desde el&nbsp;mirador dorado&nbsp;del Episcopado.<\/p>\n\n\n\n<p>En&nbsp;su&nbsp;comunicado emitido este jueves&nbsp;5&nbsp;de septiembre de 2024&nbsp;sobre la reforma al Poder Judicial,&nbsp;ustedes,&nbsp;la Conferencia del Episcopado Mexicano,&nbsp;ustedes,&nbsp;los obispos de M\u00e9xico, aseguran que&nbsp;esa medida&nbsp;afecta&nbsp;la autonom\u00eda de esa soberan\u00eda&nbsp;y pone en riesgo la divisi\u00f3n de poderes establecida en la Constituci\u00f3n.<\/p>\n\n\n\n<p>Ya aprobada la propuesta presidencial&nbsp;en la C\u00e1mara de Diputados&nbsp;y a unas horas de discutirse ante el pleno de la c\u00e1mara alta del Congreso de la Uni\u00f3n, es necesario precisar:<\/p>\n\n\n\n<p>El&nbsp;poder&nbsp;integrista y la intolerancia radical de la iglesia cat\u00f3lica fueron inamovibles por casi dos milenios en el mundo.&nbsp;Con estas declaraciones sobre la reforma al Poder Judicial en M\u00e9xico,&nbsp;ustedes, el&nbsp;alto clero,&nbsp;muestran&nbsp;que se&nbsp;niegan&nbsp;a ser aplanados&nbsp;por la historia.&nbsp;<\/p>\n\n\n\n<p>Para quienes creemos en Dios, a veces nos resulta muy complicado entender a quienes han hablado durante mucho tiempo y siguen hablando&nbsp;en su nombre. A quienes durante muchos a\u00f1os impulsaron en M\u00e9xico el fanatismo, la confusi\u00f3n y la manipulaci\u00f3n de la ignorancia.&nbsp;<\/p>\n\n\n\n<p>A quienes desde los p\u00falpitos prepararon al pueblo para la obediencia, nunca para la igualdad,&nbsp;y mucho menos para la democracia.&nbsp;A veces nos resulta dif\u00edcil, muy dif\u00edcil, darnos cuenta de que&nbsp;creemos en un&nbsp;Dios&nbsp;distinto al de las devociones de ustedes, que&nbsp;tiene los ojos color verde d\u00f3lar.<\/p>\n\n\n\n<p>Con esta posici\u00f3n, ustedes, los obispos de M\u00e9xico, muestran de nuevo su defensa&nbsp;a los multimillonarios evasores de impuestos, a los amparados para evadir la ley y seguir contaminando con pl\u00e1sticos, para seguir exhibiendo cigarros a menores de edad\u2026 a esos multimillonarios de quienes, por supuesto, ustedes han sido beneficiarios hist\u00f3ricos.&nbsp;<\/p>\n\n\n\n<p>\u00bfSe dan cuenta de que est\u00e1n defendiendo no s\u00f3lo los alt\u00edsimos privilegios de un funcionariado&nbsp;dorado, sino tambi\u00e9n la libertad de los&nbsp;criminales&nbsp;m\u00e1s peligrosos, la injusticia disfrazada de ley, y la persecuci\u00f3n criminal de la disidencia?&nbsp;<\/p>\n\n\n\n<p>\u00bfSe dan cuenta de que est\u00e1n defendiendo a&nbsp;un sistema corrupto,&nbsp;abusivo, basado en la expoliaci\u00f3n del ser humano y la explotaci\u00f3n irracional de la naturaleza?&nbsp;\u00bfC\u00f3mo podr\u00e1n&nbsp;ahora&nbsp;ustedes, obispos&nbsp;de M\u00e9xico,&nbsp;explicar&nbsp;que lo suyo es religi\u00f3n y no&nbsp;la defensa de un&nbsp;modelo de pensamiento, de un modelo econ\u00f3mico, de un modelo pol\u00edtico?<\/p>\n\n\n\n<p>Junto con sus afirmaciones,&nbsp;la responsabilidad p\u00fablica&nbsp;de la Conferencia del Episcopado Mexicano,&nbsp;requiere que en el desaf\u00edo se incluya tambi\u00e9n la autocr\u00edtica porque, actualmente,&nbsp;el alto clero de&nbsp;la&nbsp;iglesia cat\u00f3lica, es decir, ustedes,&nbsp;se encuentra cada d\u00eda m\u00e1s alejado&nbsp;de las preocupaciones reales, cotidianas,&nbsp;y del sentir de los seres humanos.&nbsp;Mayor preocupaci\u00f3n deber\u00edan&nbsp;representarles&nbsp;los&nbsp;desaf\u00edos que les esperan&nbsp;en el futuro,&nbsp;pues parece ser que en estos tiempos tienen m\u00e1s templos que fieles y, al comportarse francamente como empresa, hay&nbsp;otras religiones&nbsp;que&nbsp;les arrebatan&nbsp;los&nbsp;mercados.<\/p>\n\n\n\n<p>Afortunadamente,&nbsp;el&nbsp;guion hist\u00f3rico de la modernidad ha conseguido que en M\u00e9xico y en el mundo la religi\u00f3n haya retrocedido a paso lento pero sin descanso.&nbsp;<\/p>\n\n\n\n<p>Cualquiera pensar\u00eda&nbsp;que la iglesia cat\u00f3lica en este siglo XXI podr\u00eda&nbsp;retirarse digna&nbsp;y silenciosamente; sin embargo,&nbsp;la derecha religiosa,&nbsp;con este tipo de pronunciamientos,&nbsp;plantea claramente&nbsp;su intenci\u00f3n de&nbsp;seguir interfiriendo&nbsp;en los asuntos exclusivos del Estado mexicano.<\/p>\n\n\n\n<p>Nacer, educarse, casarse y morir, eran negocios de la iglesia cat\u00f3lica antes de Benito Ju\u00e1rez y la generaci\u00f3n de la reforma.&nbsp;Precisamente desde Oaxaca, la tierra del Benem\u00e9rito de las Am\u00e9ricas,&nbsp;les&nbsp;manifestamos&nbsp;que&nbsp;hoy, ustedes, la&nbsp;Conferencia del Episcopado Mexicano,&nbsp;tiene la oportunidad de compartir el momento estelar de la vida pol\u00edtica de M\u00e9xico,&nbsp;respetando&nbsp;las decisiones del pueblo&nbsp;junto con las&nbsp;que emanen de su&nbsp;poder legislativo en estos tiempos de la Cuarta Transformaci\u00f3n que vive nuestro pa\u00eds.<\/p>\n\n\n\n<p>Atentamente<\/p>\n\n\n\n<p>Flavio Sosa Villavicencio<\/p>\n","protected":false},"excerpt":{"rendered":"<p>Redacci\u00f3n\/Zona Roja. Oaxaca de Ju\u00e1rez, Oax., a 9 de septiembre de 2024.- En una carta&hellip;<\/p>\n","protected":false},"author":2,"featured_media":72276,"comment_status":"closed","ping_status":"open","sticky":false,"template":"","format":"standard","meta":{"_lmt_disableupdate":"","_lmt_disable":"","_jetpack_memberships_contains_paid_content":false,"footnotes":""},"categories":[109,46],"tags":[685],"class_list":["post-72275","post","type-post","status-publish","format-standard","has-post-thumbnail","hentry","category-minuto-a-minuto","category-zona-blanca","tag-flavio-sosa-villavicencio"],"jetpack_featured_media_url":"https:\/\/zonaroja.com.mx\/wp-content\/uploads\/2024\/09\/Flavio-Sosa-Villavicencio.jpeg","jetpack_sharing_enabled":true,"_links":{"self":[{"href":"https:\/\/zonaroja.com.mx\/index.php?rest_route=\/wp\/v2\/posts\/72275","targetHints":{"allow":["GET"]}}],"collection":[{"href":"https:\/\/zonaroja.com.mx\/index.php?rest_route=\/wp\/v2\/posts"}],"about":[{"href":"https:\/\/zonaroja.com.mx\/index.php?rest_route=\/wp\/v2\/types\/post"}],"author":[{"embeddable":true,"href":"https:\/\/zonaroja.com.mx\/index.php?rest_route=\/wp\/v2\/users\/2"}],"replies":[{"embeddable":true,"href":"https:\/\/zonaroja.com.mx\/index.php?rest_route=%2Fwp%2Fv2%2Fcomments&post=72275"}],"version-history":[{"count":1,"href":"https:\/\/zonaroja.com.mx\/index.php?rest_route=\/wp\/v2\/posts\/72275\/revisions"}],"predecessor-version":[{"id":72277,"href":"https:\/\/zonaroja.com.mx\/index.php?rest_route=\/wp\/v2\/posts\/72275\/revisions\/72277"}],"wp:featuredmedia":[{"embeddable":true,"href":"https:\/\/zonaroja.com.mx\/index.php?rest_route=\/wp\/v2\/media\/72276"}],"wp:attachment":[{"href":"https:\/\/zonaroja.com.mx\/index.php?rest_route=%2Fwp%2Fv2%2Fmedia&parent=72275"}],"wp:term":[{"taxonomy":"category","embeddable":true,"href":"https:\/\/zonaroja.com.mx\/index.php?rest_route=%2Fwp%2Fv2%2Fcategories&post=72275"},{"taxonomy":"post_tag","embeddable":true,"href":"https:\/\/zonaroja.com.mx\/index.php?rest_route=%2Fwp%2Fv2%2Ftags&post=72275"}],"curies":[{"name":"wp","href":"https:\/\/api.w.org\/{rel}","templated":true}]}}