{"id":7228,"date":"2020-01-02T20:39:36","date_gmt":"2020-01-03T02:39:36","guid":{"rendered":"http:\/\/www.zonaroja.com.mx\/?p=7228"},"modified":"2020-01-02T20:39:41","modified_gmt":"2020-01-03T02:39:41","slug":"sumaron-24-personas-no-localizadas-durante-el-mes-de-diciembre","status":"publish","type":"post","link":"https:\/\/zonaroja.com.mx\/?p=7228","title":{"rendered":"Sumaron 24 personas no localizadas durante el mes de diciembre"},"content":{"rendered":"\n<p>Evlin Arag\u00f3n\/Zona Roja.<\/p>\n\n\n\n<p>Oaxaca de Ju\u00e1rez, Oax., 2 de enero de\n2020.- Alrededor de 24 personas, dentro de ellas 11 menores de edad, permanecen\ncomo no localizadas o desaparecidas, luego de ser vistas por \u00faltima vez durante\nel mes de diciembre en territorio oaxaque\u00f1o.&nbsp;\n<\/p>\n\n\n\n<p>As\u00ed lo refiere la Unidad de B\u00fasqueda de\nPersonas Desaparecidas y No Localizadas, perteneciente a la Fiscal\u00eda General de\nJusticia del Estado de Oaxaca, que a\u00fan mantiene activa la ficha de b\u00fasqueda de\nlas personas.<\/p>\n\n\n\n<p>Se trata de Felipe Rueda Jim\u00e9nez,\nRamiro Reyes Barrios, Hijinio Cruz Prieto y Aar\u00f3n Juan Doroteo, Jos\u00e9 Aristeo\nCamargo Barraza, Antonio Hern\u00e1ndez Flores, Miguel \u00c1ngel Montoro Ruiz, Erick de\nJes\u00fas V\u00e1zquez Villa, F\u00e9lix Carrera Silverio, Evenecer Mu\u00f1oz Mart\u00ednez y Axel\nDami\u00e1n S\u00e1nchez Mart\u00ednez, este \u00faltimo menor de edad.<\/p>\n\n\n\n<p>Los varones antes mencionados fueron\nvistos por \u00faltima vez en las localidades de Santiago Laollaga, Oaxaca de\nJu\u00e1rez, San Juan Bautista Tuxtepec, trayecto Tuxtepec-Oaxaca y la carretera\nfederal Santa Rosa- Papaloapan, as\u00ed como en Loma Bonita, San Juan Coatz\u00f3spam,\nSanta Mar\u00eda Huatulco y Santa Luc\u00eda del Camino.<\/p>\n\n\n\n<p>Mientras que Giberta Medina Rivas y\nMarbella Rub\u00ed M\u00e9ndez Serrano ambas de 21 a\u00f1os de edad, desaparecieron en San\nJuan Bautista Cuicatl\u00e1n y Oaxaca de Ju\u00e1rez.<\/p>\n\n\n\n<p>La ni\u00f1a Juana Isabel y las adolescentes\nRosa Isela, Yadira Geraldine, Daniela, Judith Lizeth, Leticia, Yazm\u00edn e Itzel\nque fueron vistas por \u00faltima vez en Ciudad Ixtepec, Juchit\u00e1n de Zaragoza, Santa\nMar\u00eda Atzompa, San Juan Bautista Tuxtepec, Oaxaca de Ju\u00e1rez, Ocotl\u00e1n de\nMorelos, Huajuapan de Le\u00f3n y Mazatl\u00e1n Villa de Flores, respectivamente.<\/p>\n\n\n\n<p>Menci\u00f3n aparte merece el caso de Mariel\nEstefany Rodr\u00edguez Pe\u00f3n de 30 a\u00f1os de edad fue vista por \u00faltima vez el pasado\n19 de diciembre en el fraccionamiento \u201cLas Palmas\u201d perteneciente al municipio\nde San Juan Bautista Tuxtepec. <\/p>\n\n\n\n<p>La joven con ocho meses de embarazo\ndesapareci\u00f3 en compa\u00f1\u00eda de sus dos hijos Zain Antonio y Xander Leonel de 8 y 4\na\u00f1os de edad respectivamente, lo anterior de acuerdo con sus familiares que\ndenunciaron los hechos para iniciar la b\u00fasqueda por parte de las autoridades\nestatales.<\/p>\n","protected":false},"excerpt":{"rendered":"<p>Evlin Arag\u00f3n\/Zona Roja. Oaxaca de Ju\u00e1rez, Oax., 2 de enero de 2020.- Alrededor de 24&hellip;<\/p>\n","protected":false},"author":2,"featured_media":7229,"comment_status":"closed","ping_status":"open","sticky":false,"template":"","format":"standard","meta":{"_lmt_disableupdate":"","_lmt_disable":"","_jetpack_memberships_contains_paid_content":false,"footnotes":""},"categories":[109,47],"tags":[1222],"class_list":["post-7228","post","type-post","status-publish","format-standard","has-post-thumbnail","hentry","category-minuto-a-minuto","category-zona-gris","tag-unidad-de-personas-desaparecidas-y-no-localizadas"],"jetpack_featured_media_url":"https:\/\/zonaroja.com.mx\/wp-content\/uploads\/2020\/01\/Deaparecidos.jpg","jetpack_sharing_enabled":true,"_links":{"self":[{"href":"https:\/\/zonaroja.com.mx\/index.php?rest_route=\/wp\/v2\/posts\/7228","targetHints":{"allow":["GET"]}}],"collection":[{"href":"https:\/\/zonaroja.com.mx\/index.php?rest_route=\/wp\/v2\/posts"}],"about":[{"href":"https:\/\/zonaroja.com.mx\/index.php?rest_route=\/wp\/v2\/types\/post"}],"author":[{"embeddable":true,"href":"https:\/\/zonaroja.com.mx\/index.php?rest_route=\/wp\/v2\/users\/2"}],"replies":[{"embeddable":true,"href":"https:\/\/zonaroja.com.mx\/index.php?rest_route=%2Fwp%2Fv2%2Fcomments&post=7228"}],"version-history":[{"count":1,"href":"https:\/\/zonaroja.com.mx\/index.php?rest_route=\/wp\/v2\/posts\/7228\/revisions"}],"predecessor-version":[{"id":7230,"href":"https:\/\/zonaroja.com.mx\/index.php?rest_route=\/wp\/v2\/posts\/7228\/revisions\/7230"}],"wp:featuredmedia":[{"embeddable":true,"href":"https:\/\/zonaroja.com.mx\/index.php?rest_route=\/wp\/v2\/media\/7229"}],"wp:attachment":[{"href":"https:\/\/zonaroja.com.mx\/index.php?rest_route=%2Fwp%2Fv2%2Fmedia&parent=7228"}],"wp:term":[{"taxonomy":"category","embeddable":true,"href":"https:\/\/zonaroja.com.mx\/index.php?rest_route=%2Fwp%2Fv2%2Fcategories&post=7228"},{"taxonomy":"post_tag","embeddable":true,"href":"https:\/\/zonaroja.com.mx\/index.php?rest_route=%2Fwp%2Fv2%2Ftags&post=7228"}],"curies":[{"name":"wp","href":"https:\/\/api.w.org\/{rel}","templated":true}]}}