{"id":72282,"date":"2024-09-09T21:11:45","date_gmt":"2024-09-10T03:11:45","guid":{"rendered":"https:\/\/zonaroja.com.mx\/?p=72282"},"modified":"2024-09-09T21:11:47","modified_gmt":"2024-09-10T03:11:47","slug":"accidentes-viales-en-oaxaca-dejan-al-menos-siete-muertos","status":"publish","type":"post","link":"https:\/\/zonaroja.com.mx\/?p=72282","title":{"rendered":"Accidentes viales en Oaxaca dejan al menos siete muertos"},"content":{"rendered":"\n<p>Raymundo Morales\/Zona Roja.<\/p>\n\n\n\n<p>Oaxaca de Ju\u00e1rez, Oax., a 9 de septiembre de 2024.- Al menos siete personas perdieron la vida hoy y durante el fin de semana en diversos accidentes viales en el estado de Oaxaca.<\/p>\n\n\n\n<p>Uno de los casos ocurri\u00f3 el pasado 8 de septiembre en la carretera federal 175 Oaxaca-Puerto \u00c1ngel, tramo San Jos\u00e9 del Pac\u00edfico-Suchixtlahuaca, donde volc\u00f3 una camioneta a un barranco de unos 170 metros.<\/p>\n\n\n\n<p>De acuerdo con informaci\u00f3n de la Coordinaci\u00f3n Estatal de Protecci\u00f3n Civil, fue en jurisdicci\u00f3n de El Porvenir, San Pedro El Alto, donde se localiz\u00f3 la unidad de motor marca Nissan, tipo Estaquitas, que transportaba sand\u00edas.<\/p>\n\n\n\n<p>Asimismo, localizaron los cuerpos sin vida de dos adultos, un adolescente y dos menores de edad; asimismo, en el interior de la unidad hab\u00eda envases de bebidas alcoh\u00f3licas, por lo que se presume que el conductor iba ebrio.<\/p>\n\n\n\n<p>Este lunes 9 de septiembre ocurrieron al menos tres percances, otro de ellos de gravedad, en la supercarretera Oaxaca-Puerto Escondido, tramo Barranca Larga Ventanilla.<\/p>\n\n\n\n<p>Una camioneta marca Nissan placas de circulaci\u00f3n RX9369A se impact\u00f3 con un autom\u00f3vil marca Volkswagen con placas de circulaci\u00f3n TLV3767, a la altura del kil\u00f3metro 20, lo que origin\u00f3 el fallecimiento de al menos dos personas; adem\u00e1s, tres personas lesionadas.<\/p>\n\n\n\n<p>Un percance m\u00e1s, que dej\u00f3 al menos tres heridos, ocurri\u00f3 en la misma carretera pero en el tramo del libramiento Ocotl\u00e1n-Ejutla, donde se impactaron una camioneta, una motocicleta y un cami\u00f3n de carga.<\/p>\n\n\n\n<p>Un incidente m\u00e1s ocurri\u00f3 en jurisdicci\u00f3n del municipio de Salina Cruz, con saldo de una persona lesionada.<\/p>\n","protected":false},"excerpt":{"rendered":"<p>Raymundo Morales\/Zona Roja. Oaxaca de Ju\u00e1rez, Oax., a 9 de septiembre de 2024.- Al menos&hellip;<\/p>\n","protected":false},"author":2,"featured_media":72283,"comment_status":"closed","ping_status":"open","sticky":false,"template":"","format":"standard","meta":{"_lmt_disableupdate":"","_lmt_disable":"","_jetpack_memberships_contains_paid_content":false,"footnotes":""},"categories":[109,46],"tags":[3416],"class_list":["post-72282","post","type-post","status-publish","format-standard","has-post-thumbnail","hentry","category-minuto-a-minuto","category-zona-blanca","tag-accidentes-carreteros-oaxaca"],"jetpack_featured_media_url":"https:\/\/zonaroja.com.mx\/wp-content\/uploads\/2024\/09\/Accidente-supercarretera-a-la-Costa.jpeg","jetpack_sharing_enabled":true,"_links":{"self":[{"href":"https:\/\/zonaroja.com.mx\/index.php?rest_route=\/wp\/v2\/posts\/72282","targetHints":{"allow":["GET"]}}],"collection":[{"href":"https:\/\/zonaroja.com.mx\/index.php?rest_route=\/wp\/v2\/posts"}],"about":[{"href":"https:\/\/zonaroja.com.mx\/index.php?rest_route=\/wp\/v2\/types\/post"}],"author":[{"embeddable":true,"href":"https:\/\/zonaroja.com.mx\/index.php?rest_route=\/wp\/v2\/users\/2"}],"replies":[{"embeddable":true,"href":"https:\/\/zonaroja.com.mx\/index.php?rest_route=%2Fwp%2Fv2%2Fcomments&post=72282"}],"version-history":[{"count":1,"href":"https:\/\/zonaroja.com.mx\/index.php?rest_route=\/wp\/v2\/posts\/72282\/revisions"}],"predecessor-version":[{"id":72284,"href":"https:\/\/zonaroja.com.mx\/index.php?rest_route=\/wp\/v2\/posts\/72282\/revisions\/72284"}],"wp:featuredmedia":[{"embeddable":true,"href":"https:\/\/zonaroja.com.mx\/index.php?rest_route=\/wp\/v2\/media\/72283"}],"wp:attachment":[{"href":"https:\/\/zonaroja.com.mx\/index.php?rest_route=%2Fwp%2Fv2%2Fmedia&parent=72282"}],"wp:term":[{"taxonomy":"category","embeddable":true,"href":"https:\/\/zonaroja.com.mx\/index.php?rest_route=%2Fwp%2Fv2%2Fcategories&post=72282"},{"taxonomy":"post_tag","embeddable":true,"href":"https:\/\/zonaroja.com.mx\/index.php?rest_route=%2Fwp%2Fv2%2Ftags&post=72282"}],"curies":[{"name":"wp","href":"https:\/\/api.w.org\/{rel}","templated":true}]}}