{"id":72287,"date":"2024-09-10T08:15:00","date_gmt":"2024-09-10T14:15:00","guid":{"rendered":"https:\/\/zonaroja.com.mx\/?p=72287"},"modified":"2024-09-10T06:42:35","modified_gmt":"2024-09-10T12:42:35","slug":"asesinan-a-un-individuo-en-xoxocotlan-y-a-otro-en-san-dionisio-ocotlan","status":"publish","type":"post","link":"https:\/\/zonaroja.com.mx\/?p=72287","title":{"rendered":"Asesinan a un individuo en Xoxocotl\u00e1n y a otro en San Dionisio, Ocotl\u00e1n"},"content":{"rendered":"\n<p>Ismael Garc\u00eda M.\/Zona Roja.<\/p>\n\n\n\n<p>Oaxaca de Ju\u00e1rez, Oax., a 10 de septiembre de 2024.- Una persona fue asesinada a balazos en los primeros minutos de este martes en jurisdicci\u00f3n de Santa Cruz Xoxocotl\u00e1n, municipio conurbado a la ciudad de Oaxaca.<\/p>\n\n\n\n<p>Fue alrededor de las 01:00 horas en el tramo de vialidad que comunica del puente de la Ex Garita hacia la avenida S\u00edmbolos Patrios, conocido como Camino al Sabino, a la altura de un instituto educativo privado, donde fue acribillado un motociclista.<\/p>\n\n\n\n<p>La v\u00edctima hasta el momento no ha sido identificada y el tr\u00e1nsito vehicular fue cerrado, por lo cual hasta el momento no se han obtenido m\u00e1s datos. Personal de la Fiscal\u00eda General del Estado arrib\u00f3 al sitio e inici\u00f3 las indagatorias correspondientes y esclarecer el caso.<\/p>\n\n\n\n<p>Por otra parte, ayer por la tarde en la carretera federal 175 Oaxaca-Puerto \u00c1ngel, a la altura del crucero a la localidad de San Dionisio, distrito de Ocotl\u00e1n, fue ejecutado otro motociclista.<\/p>\n\n\n\n<p>Tampoco ha sido identificada la v\u00edctima pero se presume que es un joven de entre 25 y 30 a\u00f1os de edad, quien llevaba una mochila a la espalda y su cuerpo qued\u00f3 tirado a un costado de su motocicleta.<\/p>\n\n\n\n<p>Tambi\u00e9n personal de la Fiscal\u00eda General arrib\u00f3 al sitio e hizo las labores periciales iniciales, donde se corrobor\u00f3 el hallazgo de casquillos percutidos de arma de fuego de calibre a\u00fan no conocido.<\/p>\n","protected":false},"excerpt":{"rendered":"<p>Ismael Garc\u00eda M.\/Zona Roja. Oaxaca de Ju\u00e1rez, Oax., a 10 de septiembre de 2024.- Una&hellip;<\/p>\n","protected":false},"author":2,"featured_media":72288,"comment_status":"closed","ping_status":"open","sticky":false,"template":"","format":"standard","meta":{"_lmt_disableupdate":"","_lmt_disable":"","_jetpack_memberships_contains_paid_content":false,"footnotes":""},"categories":[109,51],"tags":[4064],"class_list":["post-72287","post","type-post","status-publish","format-standard","has-post-thumbnail","hentry","category-minuto-a-minuto","category-zona-roja","tag-xoxocotlan-asesinado"],"jetpack_featured_media_url":"https:\/\/zonaroja.com.mx\/wp-content\/uploads\/2024\/09\/Ejecutado-San-Dionisio-Ocotlan.jpg","jetpack_sharing_enabled":true,"_links":{"self":[{"href":"https:\/\/zonaroja.com.mx\/index.php?rest_route=\/wp\/v2\/posts\/72287","targetHints":{"allow":["GET"]}}],"collection":[{"href":"https:\/\/zonaroja.com.mx\/index.php?rest_route=\/wp\/v2\/posts"}],"about":[{"href":"https:\/\/zonaroja.com.mx\/index.php?rest_route=\/wp\/v2\/types\/post"}],"author":[{"embeddable":true,"href":"https:\/\/zonaroja.com.mx\/index.php?rest_route=\/wp\/v2\/users\/2"}],"replies":[{"embeddable":true,"href":"https:\/\/zonaroja.com.mx\/index.php?rest_route=%2Fwp%2Fv2%2Fcomments&post=72287"}],"version-history":[{"count":1,"href":"https:\/\/zonaroja.com.mx\/index.php?rest_route=\/wp\/v2\/posts\/72287\/revisions"}],"predecessor-version":[{"id":72289,"href":"https:\/\/zonaroja.com.mx\/index.php?rest_route=\/wp\/v2\/posts\/72287\/revisions\/72289"}],"wp:featuredmedia":[{"embeddable":true,"href":"https:\/\/zonaroja.com.mx\/index.php?rest_route=\/wp\/v2\/media\/72288"}],"wp:attachment":[{"href":"https:\/\/zonaroja.com.mx\/index.php?rest_route=%2Fwp%2Fv2%2Fmedia&parent=72287"}],"wp:term":[{"taxonomy":"category","embeddable":true,"href":"https:\/\/zonaroja.com.mx\/index.php?rest_route=%2Fwp%2Fv2%2Fcategories&post=72287"},{"taxonomy":"post_tag","embeddable":true,"href":"https:\/\/zonaroja.com.mx\/index.php?rest_route=%2Fwp%2Fv2%2Ftags&post=72287"}],"curies":[{"name":"wp","href":"https:\/\/api.w.org\/{rel}","templated":true}]}}