{"id":72290,"date":"2024-09-10T09:20:00","date_gmt":"2024-09-10T15:20:00","guid":{"rendered":"https:\/\/zonaroja.com.mx\/?p=72290"},"modified":"2024-09-10T06:56:33","modified_gmt":"2024-09-10T12:56:33","slug":"protestas-contra-reformas-al-poder-judicial-logran-suspender-sesion-de-diputados","status":"publish","type":"post","link":"https:\/\/zonaroja.com.mx\/?p=72290","title":{"rendered":"Protestas contra reformas al Poder Judicial logran suspender sesi\u00f3n de diputados"},"content":{"rendered":"\n<p>Redacci\u00f3n\/Zona Roja Cdmx.<\/p>\n\n\n\n<p>Ciudad de M\u00e9xico, a 10 de septiembre de 2024.- La Junta de Coordinaci\u00f3n Pol\u00edtica de la C\u00e1mara de Diputados (Jucopo) estableci\u00f3 no realizar la sesi\u00f3n de este martes 10 de septiembre por los bloqueos de trabajadores del Poder Judicial en San L\u00e1zaro.<\/p>\n\n\n\n<p>Los l\u00edderes de los partidos enviaron una carta dirigida a Ifigenia Mart\u00ednez, presidenta de la Mesa Directiva, en la que se\u00f1alaron que si siguen las cosas igual, decidir\u00e1n c\u00f3mo actuar.<\/p>\n\n\n\n<p>\u00abLas y los integrantes de la Junta de Coordinaci\u00f3n Pol\u00edtica, hemos acordado que, al no existir condiciones, no sesionar el martes 10 de septiembre y en caso de que las mismas persistan, se tomar\u00e1 el acuerdo correspondiente. Lo anterior, salvo que exista alg\u00fan caso que este \u00f3rgano de gobierno determine con la urgencia pertinente\u00bb, dice el documento dirigido a Mart\u00ednez.<\/p>\n\n\n\n<p>Este martes se iba a llevar a cabo la discusi\u00f3n de la reforma constitucional en materia de pueblos ind\u00edgenas, la cual est\u00e1 incluida en el paquete que morenistas quieren avalar antes de que termine el sexenio de Andr\u00e9s Manuel L\u00f3pez Obrador.<\/p>\n\n\n\n<p>Ricardo Monreal, el coordinador de Morena en la C\u00e1mara de Diputados, hab\u00eda dicho que esta semana se realizar\u00eda esa discusi\u00f3n.<\/p>\n\n\n\n<p>\u00abEste art\u00edculo modificado es con el objetivo de reconocer y garantizar plenamente los derechos de los pueblos y comunidades ind\u00edgenas y afromexicanas. Por fin vamos a reconocer esta circunstancia\u00bb, destac\u00f3.<\/p>\n\n\n\n<p>Los senadores aprobaron en comisiones la noche del domingo la controvertida propuesta de reforma al sistema de justicia que, entre otras cosas, plantea que jueces, magistrados y ministros de la Suprema Corte sean electos por votaci\u00f3n popular.<\/p>\n\n\n\n<p>Con 25 votos a favor y 12 en contra, el dictamen fue avalado por legisladores de las comisiones de Puntos Constitucionales y Estudios Legislativos. El proyecto, que ya hab\u00eda recibido visto bueno de la C\u00e1mara de Diputados, fue turnado al pleno del Senado para su discusi\u00f3n final.<\/p>\n\n\n\n<p>La propuesta, impulsada por el presidente saliente, Andr\u00e9s Manuel L\u00f3pez Obrador, desat\u00f3 recientemente un paro de labores en el Poder Judicial y ha generado tensiones con los dos principales socios comerciales de M\u00e9xico -Estados Unidos y Canad\u00e1- y una abrupta depreciaci\u00f3n de la moneda.<\/p>\n\n\n\n<p>Los cr\u00edticos temen que las modificaciones al sistema debiliten a uno de los contrapesos del poder presidencial, perjudicando el clima de negocios en la segunda mayor econom\u00eda de Am\u00e9rica Latina.<\/p>\n\n\n\n<p>(Con informaci\u00f3n de la agencia Reuters, en \u201cExpansi\u00f3n Pol\u00edtica\u201d)<\/p>\n","protected":false},"excerpt":{"rendered":"<p>Redacci\u00f3n\/Zona Roja Cdmx. Ciudad de M\u00e9xico, a 10 de septiembre de 2024.- La Junta de&hellip;<\/p>\n","protected":false},"author":2,"featured_media":72291,"comment_status":"closed","ping_status":"open","sticky":false,"template":"","format":"standard","meta":{"_lmt_disableupdate":"","_lmt_disable":"","_jetpack_memberships_contains_paid_content":false,"footnotes":""},"categories":[109,47],"tags":[4027],"class_list":["post-72290","post","type-post","status-publish","format-standard","has-post-thumbnail","hentry","category-minuto-a-minuto","category-zona-gris","tag-reforma-al-poder-judicial"],"jetpack_featured_media_url":"https:\/\/zonaroja.com.mx\/wp-content\/uploads\/2024\/09\/protestas-trabajadores-poder-judicia.jpg","jetpack_sharing_enabled":true,"_links":{"self":[{"href":"https:\/\/zonaroja.com.mx\/index.php?rest_route=\/wp\/v2\/posts\/72290","targetHints":{"allow":["GET"]}}],"collection":[{"href":"https:\/\/zonaroja.com.mx\/index.php?rest_route=\/wp\/v2\/posts"}],"about":[{"href":"https:\/\/zonaroja.com.mx\/index.php?rest_route=\/wp\/v2\/types\/post"}],"author":[{"embeddable":true,"href":"https:\/\/zonaroja.com.mx\/index.php?rest_route=\/wp\/v2\/users\/2"}],"replies":[{"embeddable":true,"href":"https:\/\/zonaroja.com.mx\/index.php?rest_route=%2Fwp%2Fv2%2Fcomments&post=72290"}],"version-history":[{"count":1,"href":"https:\/\/zonaroja.com.mx\/index.php?rest_route=\/wp\/v2\/posts\/72290\/revisions"}],"predecessor-version":[{"id":72292,"href":"https:\/\/zonaroja.com.mx\/index.php?rest_route=\/wp\/v2\/posts\/72290\/revisions\/72292"}],"wp:featuredmedia":[{"embeddable":true,"href":"https:\/\/zonaroja.com.mx\/index.php?rest_route=\/wp\/v2\/media\/72291"}],"wp:attachment":[{"href":"https:\/\/zonaroja.com.mx\/index.php?rest_route=%2Fwp%2Fv2%2Fmedia&parent=72290"}],"wp:term":[{"taxonomy":"category","embeddable":true,"href":"https:\/\/zonaroja.com.mx\/index.php?rest_route=%2Fwp%2Fv2%2Fcategories&post=72290"},{"taxonomy":"post_tag","embeddable":true,"href":"https:\/\/zonaroja.com.mx\/index.php?rest_route=%2Fwp%2Fv2%2Ftags&post=72290"}],"curies":[{"name":"wp","href":"https:\/\/api.w.org\/{rel}","templated":true}]}}