{"id":72293,"date":"2024-09-10T09:39:00","date_gmt":"2024-09-10T15:39:00","guid":{"rendered":"https:\/\/zonaroja.com.mx\/?p=72293"},"modified":"2024-09-10T07:41:22","modified_gmt":"2024-09-10T13:41:22","slug":"otro-culiacanazo-dos-muertos-saldo-de-enfrentamiento-ayer","status":"publish","type":"post","link":"https:\/\/zonaroja.com.mx\/?p=72293","title":{"rendered":"\u00bfOtro \u201cCuliacanazo\u201d?; dos muertos, saldo de enfrentamiento ayer"},"content":{"rendered":"\n<p>Redacci\u00f3n\/Zona Roja Cdmx.<\/p>\n\n\n\n<p>Ciudad de M\u00e9xico, a 10 de septiembre de 2024.- Culiac\u00e1n inici\u00f3 la semana en medio de una serie de violentos enfrentamientos que han dejado un rastro de caos y confusi\u00f3n en la ciudad, hechos que podr\u00edan ser indicios del inicio de la guerra de poder entre \u201cLos Chapitos\u201d y la \u201cMayiza\u201d, facciones rivales del C\u00e1rtel de Sinaloa.<\/p>\n\n\n\n<p>Desde la madrugada del lunes 9 de septiembre se reportaron balaceras en zonas clave de Culiac\u00e1n, incluyendo las colonias Campi\u00f1a, Las Quintas, Miguel Hidalgo y Las Vegas, entre otros varios puntos viales.<\/p>\n\n\n\n<p>Aunque hasta la madrugada del martes ha trascendido que los hechos han dejado al menos cinco muertos, en realidad hasta el momento la Secretar\u00eda de Seguridad P\u00fablica (SSP) s\u00f3lo ha confirmado dos muertos, entre ellos la baja de un militar.<\/p>\n\n\n\n<p>A pesar de que las autoridades locales inicialmente afirmaron que la situaci\u00f3n estaba controlada, la realidad sobre el terreno parece ser m\u00e1s compleja.<\/p>\n\n\n\n<p>Videos y audios difundidos en redes sociales muestran enfrentamientos en otras \u00e1reas, como la salida sur hacia Mazatl\u00e1n, y un ataque a un conocido club de albercas en donde m\u00e1s tarde se informar\u00eda la presunta muerte de Juan Carlos, mejor conocido como \u201cEl Comandante Coco\u201d, identificado como l\u00edder de \u201cLos Ranas\u201d, un brazo armado de Los Chapitos.<\/p>\n\n\n\n<p>EN PUEBLA<\/p>\n\n\n\n<p>Por otra parte, el secuestro en contra del empresario C\u00e9sar Eduardo \u201cN\u201d fue registrado en Plaza Solesta de Puebla, durante el domingo 8 de septiembre, mientras que tan solo un d\u00eda despu\u00e9s fueron abandonados restos humanos frente al C5 de Puebla en un veh\u00edculo al que le prendieron fuego, las averiguaciones se\u00f1alan que ambos hechos est\u00e1n relacionados.<\/p>\n\n\n\n<p>Las dos acciones tiene una \u201cclara relaci\u00f3n\u201d, la cual ya es investigada por la Fiscal\u00eda de Puebla, seg\u00fan comparti\u00f3 el gobernador de la entidad Sergio Salom\u00f3n C\u00e9spedes, quien adem\u00e1s agreg\u00f3 que fue un ataque directo en contra de la v\u00edctima.<\/p>\n\n\n\n<p>Fue durante el domingo que un hombre identificado como C\u00e9sar Eduardo \u201cN\u201d fue privado de su libertad cuando estaba en el restaurante \u201cMochomos\u201d, los responsables fueron un grupo de hombres armados, quienes se llevaron al empresario dedicado a la venta de autopartes y camiones en un veh\u00edculo.<\/p>\n\n\n\n<p>Mientras que durante las primeras horas del lunes 9 de septiembre fue quemado un veh\u00edculo frente a las instalaciones del C5 de Cuautlancingo. Polic\u00edas y bomberos acudieron al zona para apaciguar las llamas, lo que permiti\u00f3 a los agentes descubrir que al interior de la unidad hab\u00eda presuntos restos humanos.<\/p>\n\n\n\n<p>\u201cA trav\u00e9s de las c\u00e1maras de video vigilancia del C5i, personal de la dependencia visualiz\u00f3 que dos personas abandonaron un auto marca Aveo, a la altura del kil\u00f3metro 3.5 de dicha vialidad, al cual aparentemente prendieron fuego para posteriormente huir del lugar en otro veh\u00edculo, una vez que cruzaron corriendo\u201d, comparti\u00f3 la Secretar\u00eda de Seguridad P\u00fablica (SSP) de Puebla.<\/p>\n\n\n\n<p>El video que muestra al veh\u00edculo incendi\u00e1ndose fue compartido a trav\u00e9s de redes sociales y muestra que cerca del veh\u00edculo hab\u00eda una hielera abandonada junto con un mensaje amenazante presuntamente firmado por el C\u00e1rtel Jalisco Nueva Generaci\u00f3n (CJNG), uno de los grupos criminales con mayor presencia en el pa\u00eds.<\/p>\n","protected":false},"excerpt":{"rendered":"<p>Redacci\u00f3n\/Zona Roja Cdmx. Ciudad de M\u00e9xico, a 10 de septiembre de 2024.- Culiac\u00e1n inici\u00f3 la&hellip;<\/p>\n","protected":false},"author":2,"featured_media":72294,"comment_status":"closed","ping_status":"open","sticky":false,"template":"","format":"standard","meta":{"_lmt_disableupdate":"","_lmt_disable":"","_jetpack_memberships_contains_paid_content":false,"footnotes":""},"categories":[109,47],"tags":[1335],"class_list":["post-72293","post","type-post","status-publish","format-standard","has-post-thumbnail","hentry","category-minuto-a-minuto","category-zona-gris","tag-culiacan-sinaloa"],"jetpack_featured_media_url":"https:\/\/zonaroja.com.mx\/wp-content\/uploads\/2024\/09\/Incendio-auto-puebla-y-cabeza-humana.tiff","jetpack_sharing_enabled":true,"_links":{"self":[{"href":"https:\/\/zonaroja.com.mx\/index.php?rest_route=\/wp\/v2\/posts\/72293","targetHints":{"allow":["GET"]}}],"collection":[{"href":"https:\/\/zonaroja.com.mx\/index.php?rest_route=\/wp\/v2\/posts"}],"about":[{"href":"https:\/\/zonaroja.com.mx\/index.php?rest_route=\/wp\/v2\/types\/post"}],"author":[{"embeddable":true,"href":"https:\/\/zonaroja.com.mx\/index.php?rest_route=\/wp\/v2\/users\/2"}],"replies":[{"embeddable":true,"href":"https:\/\/zonaroja.com.mx\/index.php?rest_route=%2Fwp%2Fv2%2Fcomments&post=72293"}],"version-history":[{"count":1,"href":"https:\/\/zonaroja.com.mx\/index.php?rest_route=\/wp\/v2\/posts\/72293\/revisions"}],"predecessor-version":[{"id":72295,"href":"https:\/\/zonaroja.com.mx\/index.php?rest_route=\/wp\/v2\/posts\/72293\/revisions\/72295"}],"wp:featuredmedia":[{"embeddable":true,"href":"https:\/\/zonaroja.com.mx\/index.php?rest_route=\/wp\/v2\/media\/72294"}],"wp:attachment":[{"href":"https:\/\/zonaroja.com.mx\/index.php?rest_route=%2Fwp%2Fv2%2Fmedia&parent=72293"}],"wp:term":[{"taxonomy":"category","embeddable":true,"href":"https:\/\/zonaroja.com.mx\/index.php?rest_route=%2Fwp%2Fv2%2Fcategories&post=72293"},{"taxonomy":"post_tag","embeddable":true,"href":"https:\/\/zonaroja.com.mx\/index.php?rest_route=%2Fwp%2Fv2%2Ftags&post=72293"}],"curies":[{"name":"wp","href":"https:\/\/api.w.org\/{rel}","templated":true}]}}