{"id":72302,"date":"2024-09-10T12:11:00","date_gmt":"2024-09-10T18:11:00","guid":{"rendered":"https:\/\/zonaroja.com.mx\/?p=72302"},"modified":"2024-09-10T08:12:36","modified_gmt":"2024-09-10T14:12:36","slug":"opinion-santa-lucia-impunidad-y-brutalidad-policial","status":"publish","type":"post","link":"https:\/\/zonaroja.com.mx\/?p=72302","title":{"rendered":"Opini\u00f3n. Santa Luc\u00eda: impunidad y brutalidad policial"},"content":{"rendered":"\n<p>Isidoro Yescas*<\/p>\n\n\n\n<p>La ejecuci\u00f3n extrajudicial del joven Diego&nbsp;Paz&nbsp;por polic\u00edas del municipio de Santa Luc\u00eda del Camino es, por desgracia, un caso&nbsp;m\u00e1s &nbsp;de&nbsp;abuso y brutalidad policial &nbsp;en una entidad en donde,&nbsp;a fuerza de volverse recurrente,&nbsp;la violencia se normaliza al igual que la impunidad&nbsp;propiciada por&nbsp;la omisi\u00f3n, complicidad o negligencia de&nbsp;autoridades estatales y municipales.<\/p>\n\n\n\n<p>Entre enero del 2023 y marzo del 2024&nbsp;solamente en cinco municipios de los Valles&nbsp;Centrales&nbsp;se presentaron ante&nbsp;la Defensor\u00eda de los Derechos Humanos del Pueblo de Oaxaca (DDHPO) 168 quejas &nbsp;en contra &nbsp;de polic\u00edas municipales &nbsp; y&nbsp;104 en&nbsp;contra&nbsp;de&nbsp;polic\u00edas estatales adscritos a&nbsp;la Secretar\u00eda de Seguridad P\u00fablica y Protecci\u00f3n Ciudadana.<\/p>\n\n\n\n<p>De acuerdo a&nbsp;una nota publicada por el portal Primera L\u00ednea, el municipio de Santa Luc\u00eda del Camino registr\u00f3,&nbsp;entre 2023 y marzo del 2024,&nbsp;51 quejas, seguido del municipio de Oaxaca de Ju\u00e1rez con 44, Santa Cruz Xoxocotl\u00e1n 31, Santa Cruz Amilpas 29 y San Jacinto Amilpas 13.&nbsp;( nota&nbsp;de Juan Carlos Zavala en&nbsp;Primera Plana, septiembre 4, 2024).<\/p>\n\n\n\n<p>Las quejas, se entiende, tienen relaci\u00f3n con abusos de autoridad vinculadas a violaciones a derechos humanos cometidos en contra de hombres y mujeres&nbsp;de estos y otros&nbsp;municipios&nbsp;en&nbsp;donde&nbsp;con frecuencia se instalan retenes policiacos, ya para revisiones vehiculares o para &nbsp;operar los alcohol\u00edmetros que, como hoy las propias autoridades del gobierno del estado lo reconocen, en el caso de los alcohol\u00edmetros&nbsp;han derivado&nbsp;en fuentes de extorsi\u00f3n y todo tipo de abusos.&nbsp;<\/p>\n\n\n\n<p>Es un punto a favor del Gobierno del Estado que p\u00fablicamente &nbsp;el gobernador Salom\u00f3n Jara&nbsp;reconozca que en el ayuntamiento de Santa Luc\u00eda del Camino opere &nbsp;uno de los cuerpos polic\u00edacos&nbsp;mas&nbsp;abusivos y corruptos de la entidad, pero lo lamentable es que lo haga hasta&nbsp;ahora, en&nbsp;la&nbsp;coyuntura de&nbsp;la indignaci\u00f3n social provocada por &nbsp;la brutal ejecuci\u00f3n del estudiante Diego Paz, caso&nbsp;que se&nbsp;suma a&nbsp;la larga lista de atropellos polic\u00edacos &nbsp;cometidos en los \u00faltimos cuatro trienios&nbsp;en&nbsp;este municipio&nbsp;conurbado&nbsp;en donde, como ya es del dominio p\u00fablico, proliferan los giros negros y, generalmente asociados a estos&nbsp;negocios, &nbsp;tambi\u00e9n el narcomenudeo y &nbsp;otros delitos del fuero com\u00fan y federal.&nbsp;<\/p>\n\n\n\n<p>En primera lectura, suena bien el anuncio oficial de que&nbsp;tanto en Santa Luc\u00eda como en otros cuatro municipios de los Valles Centrales&nbsp;(los mismos que cuentan con&nbsp;m\u00e1s&nbsp;quejas&nbsp;por abusos policiacos &nbsp;ante la DDHPO) la operaci\u00f3n de los puestos de alcohol\u00edmetros ya no estar\u00e1n&nbsp;a cargo de las polic\u00edas municipales sino de la polic\u00eda estatal. No&nbsp;obstante, &nbsp;sin un cambio en su modus operandi (revisi\u00f3n en&nbsp;las normas y criterios de &nbsp;aplicaci\u00f3n , si acaso las tuvieren, y un riguroso control sobre el perfil y capacitaci\u00f3n de los&nbsp;y las&nbsp;polic\u00edas&nbsp;a cargo de estos operativos,&nbsp;etc.)&nbsp;el relevo de mandos&nbsp;podr\u00eda derivar en&nbsp;una simple disposici\u00f3n administrativa para que ahora los ingresos por concepto de multas &nbsp;y \u201cmochadas\u201d pasen a otras manos.&nbsp;<\/p>\n\n\n\n<p>Por lo mismo, hace falta que mas all\u00e1 del control de da\u00f1os&nbsp;pol\u00edticos&nbsp;que&nbsp;se ha instrumentado desde el Palacio Primaveral , se transite a acciones orientadas a impartir &nbsp;justicia y aplicar la ley. No resulta suficiente, entonces, la detenci\u00f3n de los autores materiales de la ejecuci\u00f3n del joven estudiante de la Universidad&nbsp;An\u00e1huac&nbsp;ni la renuncia del Director de Seguridad P\u00fablica, Marco Fredy Hern\u00e1ndez, &nbsp;pues &nbsp;como parte de la cadena de mando el exjefe policiaco as\u00ed como el presidente municipal, Juan Carlos Garc\u00eda M\u00e1rquez,&nbsp;tambi\u00e9n&nbsp;deber\u00edan&nbsp;ser investigados.<\/p>\n\n\n\n<p>Sin embargo, eso&nbsp;dif\u00edcilmente ocurrir\u00e1&nbsp;y de all\u00ed que el exhorto de la Legislatura local para que Garc\u00eda M\u00e1rquez pida licencia en el cargo por 30 d\u00edas,&nbsp;lo m\u00e1s probable es que no sea&nbsp;atendido y mucho menos la&nbsp;revocaci\u00f3n de mandato, como lo han demandado algunos legisladores de Morena y del PT que est\u00e1n fuera de la \u00f3rbita de control de la nomenklatura primaveral.<\/p>\n\n\n\n<p>Hay demasiados intereses pol\u00edticos y econ\u00f3micos en juego&nbsp;en este&nbsp;rico&nbsp;municipio que el 2 de junio volvi\u00f3 a pintarse de&nbsp;guinda&nbsp;como&nbsp;para llevar a la piedra de los sacrificios a quien apenas debe iniciar su segundo per\u00edodo.&nbsp;<\/p>\n\n\n\n<p>*Maestro en Sociolog\u00eda.<\/p>\n","protected":false},"excerpt":{"rendered":"<p>Isidoro Yescas* La ejecuci\u00f3n extrajudicial del joven Diego&nbsp;Paz&nbsp;por polic\u00edas del municipio de Santa Luc\u00eda del&hellip;<\/p>\n","protected":false},"author":2,"featured_media":71623,"comment_status":"closed","ping_status":"open","sticky":false,"template":"","format":"standard","meta":{"_lmt_disableupdate":"","_lmt_disable":"","_jetpack_memberships_contains_paid_content":false,"footnotes":""},"categories":[456,109],"tags":[3998],"class_list":["post-72302","post","type-post","status-publish","format-standard","has-post-thumbnail","hentry","category-columna","category-minuto-a-minuto","tag-isidoro-yescas-martinez"],"jetpack_featured_media_url":"https:\/\/zonaroja.com.mx\/wp-content\/uploads\/2024\/08\/Opinion.-Isidoro-Yescas.jpg","jetpack_sharing_enabled":true,"_links":{"self":[{"href":"https:\/\/zonaroja.com.mx\/index.php?rest_route=\/wp\/v2\/posts\/72302","targetHints":{"allow":["GET"]}}],"collection":[{"href":"https:\/\/zonaroja.com.mx\/index.php?rest_route=\/wp\/v2\/posts"}],"about":[{"href":"https:\/\/zonaroja.com.mx\/index.php?rest_route=\/wp\/v2\/types\/post"}],"author":[{"embeddable":true,"href":"https:\/\/zonaroja.com.mx\/index.php?rest_route=\/wp\/v2\/users\/2"}],"replies":[{"embeddable":true,"href":"https:\/\/zonaroja.com.mx\/index.php?rest_route=%2Fwp%2Fv2%2Fcomments&post=72302"}],"version-history":[{"count":1,"href":"https:\/\/zonaroja.com.mx\/index.php?rest_route=\/wp\/v2\/posts\/72302\/revisions"}],"predecessor-version":[{"id":72303,"href":"https:\/\/zonaroja.com.mx\/index.php?rest_route=\/wp\/v2\/posts\/72302\/revisions\/72303"}],"wp:featuredmedia":[{"embeddable":true,"href":"https:\/\/zonaroja.com.mx\/index.php?rest_route=\/wp\/v2\/media\/71623"}],"wp:attachment":[{"href":"https:\/\/zonaroja.com.mx\/index.php?rest_route=%2Fwp%2Fv2%2Fmedia&parent=72302"}],"wp:term":[{"taxonomy":"category","embeddable":true,"href":"https:\/\/zonaroja.com.mx\/index.php?rest_route=%2Fwp%2Fv2%2Fcategories&post=72302"},{"taxonomy":"post_tag","embeddable":true,"href":"https:\/\/zonaroja.com.mx\/index.php?rest_route=%2Fwp%2Fv2%2Ftags&post=72302"}],"curies":[{"name":"wp","href":"https:\/\/api.w.org\/{rel}","templated":true}]}}