{"id":72304,"date":"2024-09-10T13:14:00","date_gmt":"2024-09-10T19:14:00","guid":{"rendered":"https:\/\/zonaroja.com.mx\/?p=72304"},"modified":"2024-09-10T08:16:15","modified_gmt":"2024-09-10T14:16:15","slug":"la-trascendencia-de-la-construccion-de-la-identidad-ante-la-modernizacion-en-salina-cruz","status":"publish","type":"post","link":"https:\/\/zonaroja.com.mx\/?p=72304","title":{"rendered":"La trascendencia de la construcci\u00f3n de la identidad ante la modernizaci\u00f3n en Salina Cruz"},"content":{"rendered":"\n<p>Redacci\u00f3n\/Zona Roja.<\/p>\n\n\n\n<p>Oaxaca de Ju\u00e1rez, Oax., a 10 de septiembre de 2024.- La maestra en Comunicaci\u00f3n e investigadora de la Universidad del Mar&nbsp;campus&nbsp;Huatulco, Iztacxochitl Adela Alarc\u00f3n Romero,&nbsp;nos platica&nbsp;sobre su trabajo:\u201crealizo&nbsp;un trabajo de investigaci\u00f3n sobre la labor de los salineros de la agencial municipal de Salinas del Marqu\u00e9s, Oaxaca, quienes construyen su identidad en un territorio sujeto a cambios por el proyecto Rompeolas oeste del puerto de Salina Cruz 2020-2024, parte del Corredor Multimodal Interoce\u00e1nico\u201d.&nbsp;<\/p>\n\n\n\n<p>\u201cParto de la idea de que la cosecha de la sal les permite resistir los embates globalizantes y sostienen su identidad territorial estrechamente ligada a sus tradiciones. Desde esta perspectiva, una de las preocupaciones es la conservaci\u00f3n de la actividad salinera, con esta base se analizan los discursos de cuatro sujetos, a trav\u00e9s de las representaciones sociales, ya que \u00e9stas determinan las pr\u00e1cticas de los grupos, y su materializaci\u00f3n se puede encontrar en la manera como se estructuran creencias, opiniones, valoraciones y actuaciones en su mundo social\u201d,&nbsp;nos explica&nbsp;citando al psic\u00f3logo social rumano Serge Moscovici.<\/p>\n\n\n\n<p>CIENCIAS SOCIALES<\/p>\n\n\n\n<p>Las ciencias sociales son un conjunto de disciplinas que se dedican a estudiar la sociedad humana, sus relaciones, instituciones y comportamientos. A diferencia de las ciencias naturales, que se centran en el mundo f\u00edsico, las ciencias sociales exploran el mundo social y cultural.<\/p>\n\n\n\n<p>El de la Maestra Adela es un trabajo de investigaci\u00f3n en el campo de las&nbsp;Ciencias Socialesque nos ayudan a comprender nuestra realidad, resolver problemas sociales e informar sobre pol\u00edticas p\u00fablicas para que \u00e9stas sean ben\u00e9ficas para la comunidad.&nbsp;La Sociolog\u00eda, la Antropolog\u00eda, la Historia, la Psicolog\u00eda, la Econom\u00eda, la Geograf\u00eda o el Derecho son algunos ejemplos de ellas.<\/p>\n\n\n\n<p>RESISTENCIA<\/p>\n\n\n\n<p>La conciencia y sentido de lo social le viene desde la infancia. Naci\u00f3 en Milpa Alta, CDMX, y desde ni\u00f1a acompa\u00f1\u00f3 a sus padres, comuneros, en la lucha por la defensa de sus tierras en la capital del pa\u00eds. Entiende muy bien, por tanto, la cosmovisi\u00f3n azteca que hered\u00f3 y comprende a quienes luchan por visibilizar la defensa de su identidad y tradiciones ante la penetraci\u00f3n imparable de la globalizaci\u00f3n. Visibilizar los problemas sociales para que la gente y las autoridades los comprendan es una forma pac\u00edfica de lucha y resistencia. El crecimiento de la actividad econ\u00f3mica ante una creciente poblaci\u00f3n con muchas necesidades provoca&nbsp;el aumento de intentos de despojo y la comercializaci\u00f3n de los bienes naturales y comunitarios. La&nbsp;consecuencia para los pobladores es el empobrecimiento, la marginaci\u00f3n y la expulsi\u00f3n de sus territorios.<\/p>\n\n\n\n<p>Al afirmar que la identidad se adopta, al respecto conviene decir, que durante la \u00e9poca prehisp\u00e1nica ya se produc\u00eda sal en la costa, espec\u00edficamente en la regi\u00f3n del Istmo de Tehuantepec. M\u00e1s tarde, durante el per\u00edodo colonial, su producci\u00f3n se mantuvo bajo el control de los pueblos originarios a trav\u00e9s de sus caciques mediante una red de comercio s\u00f3lida muy bien definida, hasta 1781 cuando el gobierno espa\u00f1ol tom\u00f3 el control y potencial econ\u00f3mico de los recursos naturales de la regi\u00f3n, de acuerdo con la investigaci\u00f3n de Laura Machuca Gallegos. La necesidad de conservar los alimentos hizo de la sal un art\u00edculo indispensable de supervivencia.<\/p>\n\n\n\n<p>REPRESENTACI\u00d3N SOCIAL<\/p>\n\n\n\n<p>Una de las preocupaciones es la conservaci\u00f3n de la actividad salinera y la manera en la que se expresan los pobladores tiene estrecha relaci\u00f3n con el mineral al que han renombrado oro blanco, los salineros elogian su relaci\u00f3n utilitaria por sus posibilidades de explotaci\u00f3n econ\u00f3mica, por lo que esta representaci\u00f3n es el soporte de su desarrollo identitario que surge por su sentido de pertenencia a Salinas del Marqu\u00e9s. En su caso se puede afirmar de la existencia de una \u201cidentidad salinera\u201d, que se convierte en un factor de&nbsp;uni\u00f3n&nbsp;con el que ejercen su vida en comunidad, reciben reconocimiento y define sus proyectos de vida.<\/p>\n\n\n\n<p>Su vida como salineros inicia en la adolescencia. Este arraigo les permite reafirmar su identidad&nbsp;y consolidar con otras cooperativas de pescadores y buzos un peque\u00f1o mercado democr\u00e1tico para sus productos. Su territorio les proporciona subsistencia y cultura a pesar de la presi\u00f3n homogeneizadora de la globalizaci\u00f3n e integraci\u00f3n industrial del cercano puerto petrolero que est\u00e1 recibiendo un gran flujo de capital extranjero.<\/p>\n\n\n\n<p>METODOLOG\u00cdA Y RESULTADOS<\/p>\n\n\n\n<p>\u201cEn esta investigaci\u00f3n se dan a conocer los elementos de la significaci\u00f3n impl\u00edcitos en la categor\u00eda del territorio, que hizo que los cuatro entrevistados se movilizaran ante la imposici\u00f3n de un proyecto que en el momento de su instauraci\u00f3n desconoc\u00edan y se rescata la experiencia de lo que les signific\u00f3 la llegada de las obras del Corredor Multimodal Interoce\u00e1nico, CMI, con el fin de establecer si la toma de decisiones gubernamentales considera a las comunidades\u201d, nos explica. Dividi\u00f3 en tres partes su trabajo: relaci\u00f3n con la sal; identidad territorial; futuro de la actividad salinera.<\/p>\n\n\n\n<p>\u201cEntender la realidad desde los despojados\u201d es una sentencia que no se puede ignorar. A trav\u00e9s de las entrevistas realizadas con cuatro salineros encuentra los propios conceptos de identidad de quienes se sienten vulnerables ante la enorme paraestatal petrolera y el CMI con sus millonarias inversiones.<\/p>\n\n\n\n<p>A pesar de lo dif\u00edcil de su trabajo, los salineros tienen una alta estima por&nbsp;\u00e9l&nbsp;y una relaci\u00f3n profunda con sus tierras. S\u00ed&nbsp;las expropiaran, se ven a ellos mismos ocupando puesto de trabajo&nbsp;en los niveles m\u00e1s bajos de la industria o&nbsp;en&nbsp;los servicios tur\u00edsticos&nbsp;debido a su falta de estudios, agravado por la&nbsp;carencia&nbsp;de vinculaci\u00f3n entre las universidades de la zona con los proyectos de inversi\u00f3n&nbsp;planeados.<\/p>\n\n\n\n<p>Las ciencias sociales se centran en el estudio del ser humano, la sociedad y sus relaciones.&nbsp;Sus metodolog\u00edas son cuantitativas y cualitativas, pero con un fuerte componente interpretativo y contextual.<\/p>\n\n\n\n<p>Est\u00e1 llegando a la zona una gran cantidad de capital trasnacional y se necesitar\u00e1n m\u00e1s espacios para parques industriales o carreteras, lo que los coloca en riesgo de perder sus tierras, pero peor a\u00fan, su propia identidad ante la legitimaci\u00f3n que el Estado realiza frente a los proyectos del gran capital.<\/p>\n\n\n\n<p>La investigaci\u00f3n que realiza la Maestra Adela Alarc\u00f3n&nbsp;se titula&nbsp;\u201cConstrucci\u00f3n identitaria y representaci\u00f3n social de cuatro salineros en Salinas del Marqu\u00e9s, Oaxaca frente a las obras del Rompeolas oeste 2020-2023\u201d.<\/p>\n\n\n\n<p>Texto de N\u00e9stor Y. S\u00e1nchez y Javier Toledo Flores.<\/p>\n\n\n\n<p>Contacto: nestoryuri@yahoo.com<\/p>\n","protected":false},"excerpt":{"rendered":"<p>Redacci\u00f3n\/Zona Roja. Oaxaca de Ju\u00e1rez, Oax., a 10 de septiembre de 2024.- La maestra en&hellip;<\/p>\n","protected":false},"author":2,"featured_media":72305,"comment_status":"closed","ping_status":"open","sticky":false,"template":"","format":"standard","meta":{"_lmt_disableupdate":"","_lmt_disable":"","_jetpack_memberships_contains_paid_content":false,"footnotes":""},"categories":[109,46],"tags":[3050],"class_list":["post-72304","post","type-post","status-publish","format-standard","has-post-thumbnail","hentry","category-minuto-a-minuto","category-zona-blanca","tag-nestor-yuri-sanchez"],"jetpack_featured_media_url":"https:\/\/zonaroja.com.mx\/wp-content\/uploads\/2024\/09\/Salineros-Salina-Cruz.jpg","jetpack_sharing_enabled":true,"_links":{"self":[{"href":"https:\/\/zonaroja.com.mx\/index.php?rest_route=\/wp\/v2\/posts\/72304","targetHints":{"allow":["GET"]}}],"collection":[{"href":"https:\/\/zonaroja.com.mx\/index.php?rest_route=\/wp\/v2\/posts"}],"about":[{"href":"https:\/\/zonaroja.com.mx\/index.php?rest_route=\/wp\/v2\/types\/post"}],"author":[{"embeddable":true,"href":"https:\/\/zonaroja.com.mx\/index.php?rest_route=\/wp\/v2\/users\/2"}],"replies":[{"embeddable":true,"href":"https:\/\/zonaroja.com.mx\/index.php?rest_route=%2Fwp%2Fv2%2Fcomments&post=72304"}],"version-history":[{"count":1,"href":"https:\/\/zonaroja.com.mx\/index.php?rest_route=\/wp\/v2\/posts\/72304\/revisions"}],"predecessor-version":[{"id":72306,"href":"https:\/\/zonaroja.com.mx\/index.php?rest_route=\/wp\/v2\/posts\/72304\/revisions\/72306"}],"wp:featuredmedia":[{"embeddable":true,"href":"https:\/\/zonaroja.com.mx\/index.php?rest_route=\/wp\/v2\/media\/72305"}],"wp:attachment":[{"href":"https:\/\/zonaroja.com.mx\/index.php?rest_route=%2Fwp%2Fv2%2Fmedia&parent=72304"}],"wp:term":[{"taxonomy":"category","embeddable":true,"href":"https:\/\/zonaroja.com.mx\/index.php?rest_route=%2Fwp%2Fv2%2Fcategories&post=72304"},{"taxonomy":"post_tag","embeddable":true,"href":"https:\/\/zonaroja.com.mx\/index.php?rest_route=%2Fwp%2Fv2%2Ftags&post=72304"}],"curies":[{"name":"wp","href":"https:\/\/api.w.org\/{rel}","templated":true}]}}