{"id":72307,"date":"2024-09-10T11:17:00","date_gmt":"2024-09-10T17:17:00","guid":{"rendered":"https:\/\/zonaroja.com.mx\/?p=72307"},"modified":"2024-09-10T08:19:08","modified_gmt":"2024-09-10T14:19:08","slug":"presentan-ongs-informe-sobre-agresiones-contra-pobladores-del-istmo","status":"publish","type":"post","link":"https:\/\/zonaroja.com.mx\/?p=72307","title":{"rendered":"Presentan ONGs informe sobre agresiones contra pobladores del Istmo"},"content":{"rendered":"\n<p>Redacci\u00f3n\/Zona Roja Cdmx.<\/p>\n\n\n\n<p>Ciudad de M\u00e9xico, a 10 de septiembre de 2024.- M\u00e1s de 20 organizaciones integrantes de la Misi\u00f3n Civil de Observaci\u00f3n en el Istmo de Tehuantepec presentaron un informe sobre las agresiones que han recibido personas y comunidades defensoras de la tierra por las obras del proyecto del Corredor Interoce\u00e1nico en esta regi\u00f3n.<\/p>\n\n\n\n<p>En este documento relatan de viva voz las violaciones que han sufrido entre mayo de 2021 y mayo de 2024, identificando un total de 72 ataques y 226 agresiones clasificadas en 27 categor\u00edas de violaciones, entre las que se incluyen agentes particulares y funcionarios del Estado, desde federales, estatales, municipales y locales. Acusaron que no hay respeto a las comunidades ind\u00edgenas y que es mentira que busquen ayudarlos con este megaproyecto.&nbsp;<\/p>\n\n\n\n<p>De las agresiones documentadas, apuntan que 67 fueron actos de intimidaci\u00f3n, 64 de hostigamiento, 22 amenazas, 16 agresiones f\u00edsicas, 11 da\u00f1os a la propiedad, siete actos de difamaci\u00f3n, 5 detenciones arbitrarias y 4 vinculadas a la estigmatizaci\u00f3n, tres fueron desalojo forzoso, otros 3 desplazamiento forzoso, desaparici\u00f3n, robo y hasta homicidio.<\/p>\n\n\n\n<p>Del 25 al 27 de julio de 2023, esta misi\u00f3n civil de organizaciones llev\u00f3 a cabo la investigaci\u00f3n para documentar \u201clas agresiones ejercidas contra comunidades defensoras de la naturaleza y el territorio, que en su mayor\u00eda son ind\u00edgenas, frente a la imposici\u00f3n del megaproyecto Corredor Interoce\u00e1nico del Istmo de Tehuantepec\u201d.<\/p>\n\n\n\n<p>Resultado de este recorrido se elabor\u00f3 el informe, el cual \u201cevidencia la alarmante e inaceptable situaci\u00f3n de violencia que enfrentan las comunidades ind\u00edgenas y personas defensoras en esa regi\u00f3n\u201d, se\u00f1ala el propio reporte, adem\u00e1s de que busca mostrar la falta de un entorno seguro para la defensa ambiental.<\/p>\n\n\n\n<p>En la presentaci\u00f3n del documento en el Centro Prodh, los ponentes, tanto afectados como acad\u00e9micos, denunciaron que este proyecto del gobierno federal gener\u00f3 una evaluaci\u00f3n de impacto ambiental \u201cviciado\u201d, pues aunque la Semarnat present\u00f3 la manifestaci\u00f3n de impacto ambiental, se carece de \u201caccesibilidad\u201d.<\/p>\n\n\n\n<p>Aunado a ello, apuntaron que \u201cexisten afectaciones ambientales a sus comunidades por la construcci\u00f3n de red el\u00e9ctrica, gasoductos, parques industriales y carreteras\u201d, pues ha ocasionado la tala de \u00e1rboles y da\u00f1os a especies de flora y fauna end\u00e9micas.<\/p>\n\n\n\n<p>(Informaci\u00f3n de \u00abLa Jornada\u201d)<\/p>\n","protected":false},"excerpt":{"rendered":"<p>Redacci\u00f3n\/Zona Roja Cdmx. Ciudad de M\u00e9xico, a 10 de septiembre de 2024.- M\u00e1s de 20&hellip;<\/p>\n","protected":false},"author":2,"featured_media":72308,"comment_status":"closed","ping_status":"open","sticky":false,"template":"","format":"standard","meta":{"_lmt_disableupdate":"","_lmt_disable":"","_jetpack_memberships_contains_paid_content":false,"footnotes":""},"categories":[109,47],"tags":[3763],"class_list":["post-72307","post","type-post","status-publish","format-standard","has-post-thumbnail","hentry","category-minuto-a-minuto","category-zona-gris","tag-corredor-interoceanico-del-istmo-de-tehuantepec"],"jetpack_featured_media_url":"https:\/\/zonaroja.com.mx\/wp-content\/uploads\/2024\/09\/Corredor-Interoceanico.jpeg","jetpack_sharing_enabled":true,"_links":{"self":[{"href":"https:\/\/zonaroja.com.mx\/index.php?rest_route=\/wp\/v2\/posts\/72307","targetHints":{"allow":["GET"]}}],"collection":[{"href":"https:\/\/zonaroja.com.mx\/index.php?rest_route=\/wp\/v2\/posts"}],"about":[{"href":"https:\/\/zonaroja.com.mx\/index.php?rest_route=\/wp\/v2\/types\/post"}],"author":[{"embeddable":true,"href":"https:\/\/zonaroja.com.mx\/index.php?rest_route=\/wp\/v2\/users\/2"}],"replies":[{"embeddable":true,"href":"https:\/\/zonaroja.com.mx\/index.php?rest_route=%2Fwp%2Fv2%2Fcomments&post=72307"}],"version-history":[{"count":1,"href":"https:\/\/zonaroja.com.mx\/index.php?rest_route=\/wp\/v2\/posts\/72307\/revisions"}],"predecessor-version":[{"id":72309,"href":"https:\/\/zonaroja.com.mx\/index.php?rest_route=\/wp\/v2\/posts\/72307\/revisions\/72309"}],"wp:featuredmedia":[{"embeddable":true,"href":"https:\/\/zonaroja.com.mx\/index.php?rest_route=\/wp\/v2\/media\/72308"}],"wp:attachment":[{"href":"https:\/\/zonaroja.com.mx\/index.php?rest_route=%2Fwp%2Fv2%2Fmedia&parent=72307"}],"wp:term":[{"taxonomy":"category","embeddable":true,"href":"https:\/\/zonaroja.com.mx\/index.php?rest_route=%2Fwp%2Fv2%2Fcategories&post=72307"},{"taxonomy":"post_tag","embeddable":true,"href":"https:\/\/zonaroja.com.mx\/index.php?rest_route=%2Fwp%2Fv2%2Ftags&post=72307"}],"curies":[{"name":"wp","href":"https:\/\/api.w.org\/{rel}","templated":true}]}}