{"id":7231,"date":"2020-01-02T21:08:06","date_gmt":"2020-01-03T03:08:06","guid":{"rendered":"http:\/\/www.zonaroja.com.mx\/?p=7231"},"modified":"2020-01-02T21:08:08","modified_gmt":"2020-01-03T03:08:08","slug":"presidente-del-congreso-convoca-a-nuevos-ediles-a-trabajar-con-transparencia","status":"publish","type":"post","link":"https:\/\/zonaroja.com.mx\/?p=7231","title":{"rendered":"Presidente del Congreso convoca a nuevos ediles a trabajar con transparencia"},"content":{"rendered":"\n<p>Redacci\u00f3n\/Zona Roja.<\/p>\n\n\n\n<p>Oaxaca de Ju\u00e1rez, Oax., 2 de enero de\n2020.- El presidente de la Junta de Coordinaci\u00f3n Pol\u00edtica de la 64 Legislatura,\nHoracio Sosa Villavicencio, convoc\u00f3 a los nuevos ediles que asumieron cargos\neste 1 de enero, a trabajar con transparencia y honestidad.<\/p>\n\n\n\n<p>\u201cEl Poder Legislativo siempre estar\u00e1\ndispuesto a abonar por el progreso de nuestras comunidades; reitero mis deseos\nde que el trabajo honesto sea el eje rector de su labor\u201d, se\u00f1al\u00f3 en un\ncomunicado.<\/p>\n\n\n\n<p>Indic\u00f3 que las comunidades ind\u00edgenas\ndel estado cuentan con el apoyo \u00edntegro del Gobierno Federal, encabezado por\nAndr\u00e9s Manuel L\u00f3pez Obrador, para transitar a los objetivos sociales,\ndemocr\u00e1ticos y pol\u00edticos de la cuarta transformaci\u00f3n de M\u00e9xico.<\/p>\n\n\n\n<p>\u201cLas comunidades tienen un apoyo\nincondicional de nuestro Presidente de la Rep\u00fablica y como Poder Legislativo\nestaremos siempre con la disposici\u00f3n de trabajar en conjunto por el desarrollo\ny progreso de Oaxaca\u201d, expres\u00f3 a las nuevas autoridades electas por el r\u00e9gimen de\nSistemas Normativos Ind\u00edgenas y que ayer tomaron posesi\u00f3n.<\/p>\n","protected":false},"excerpt":{"rendered":"<p>Redacci\u00f3n\/Zona Roja. Oaxaca de Ju\u00e1rez, Oax., 2 de enero de 2020.- El presidente de la&hellip;<\/p>\n","protected":false},"author":2,"featured_media":7232,"comment_status":"closed","ping_status":"open","sticky":false,"template":"","format":"standard","meta":{"_lmt_disableupdate":"","_lmt_disable":"","_jetpack_memberships_contains_paid_content":false,"footnotes":""},"categories":[109,46],"tags":[444],"class_list":["post-7231","post","type-post","status-publish","format-standard","has-post-thumbnail","hentry","category-minuto-a-minuto","category-zona-blanca","tag-horacio-sosa-villavicencio"],"jetpack_featured_media_url":"https:\/\/zonaroja.com.mx\/wp-content\/uploads\/2020\/01\/Horacio-Sosa-congreso-10.jpg","jetpack_sharing_enabled":true,"_links":{"self":[{"href":"https:\/\/zonaroja.com.mx\/index.php?rest_route=\/wp\/v2\/posts\/7231","targetHints":{"allow":["GET"]}}],"collection":[{"href":"https:\/\/zonaroja.com.mx\/index.php?rest_route=\/wp\/v2\/posts"}],"about":[{"href":"https:\/\/zonaroja.com.mx\/index.php?rest_route=\/wp\/v2\/types\/post"}],"author":[{"embeddable":true,"href":"https:\/\/zonaroja.com.mx\/index.php?rest_route=\/wp\/v2\/users\/2"}],"replies":[{"embeddable":true,"href":"https:\/\/zonaroja.com.mx\/index.php?rest_route=%2Fwp%2Fv2%2Fcomments&post=7231"}],"version-history":[{"count":1,"href":"https:\/\/zonaroja.com.mx\/index.php?rest_route=\/wp\/v2\/posts\/7231\/revisions"}],"predecessor-version":[{"id":7233,"href":"https:\/\/zonaroja.com.mx\/index.php?rest_route=\/wp\/v2\/posts\/7231\/revisions\/7233"}],"wp:featuredmedia":[{"embeddable":true,"href":"https:\/\/zonaroja.com.mx\/index.php?rest_route=\/wp\/v2\/media\/7232"}],"wp:attachment":[{"href":"https:\/\/zonaroja.com.mx\/index.php?rest_route=%2Fwp%2Fv2%2Fmedia&parent=7231"}],"wp:term":[{"taxonomy":"category","embeddable":true,"href":"https:\/\/zonaroja.com.mx\/index.php?rest_route=%2Fwp%2Fv2%2Fcategories&post=7231"},{"taxonomy":"post_tag","embeddable":true,"href":"https:\/\/zonaroja.com.mx\/index.php?rest_route=%2Fwp%2Fv2%2Ftags&post=7231"}],"curies":[{"name":"wp","href":"https:\/\/api.w.org\/{rel}","templated":true}]}}