{"id":72312,"date":"2024-09-10T19:27:28","date_gmt":"2024-09-11T01:27:28","guid":{"rendered":"https:\/\/zonaroja.com.mx\/?p=72312"},"modified":"2024-09-10T19:27:30","modified_gmt":"2024-09-11T01:27:30","slug":"presunto-lider-criminal-el-decapitado-en-oaxaca-hay-otros-dos-crimenes","status":"publish","type":"post","link":"https:\/\/zonaroja.com.mx\/?p=72312","title":{"rendered":"Presunto l\u00edder criminal, el decapitado en Oaxaca; hay otros dos cr\u00edmenes"},"content":{"rendered":"\n<p>Raymundo Morales\/Zona Roja.<\/p>\n\n\n\n<p>Oaxaca de Ju\u00e1rez, Oax., a 10 de septiembre de 2024.- Como J. A. R. H., alias \u201cYoka\u201d o \u201cLino\u201d, presunto l\u00edder de un grupo de la delincuencia organizada en Oaxaca fue identificado el individuo ejecutado y decapitado en jurisdicci\u00f3n de la Villa de Zaachila.<\/p>\n\n\n\n<p>El hallazgo del cuerpo ocurri\u00f3 hoy en una carretera que conduce a dicho municipio, confirm\u00f3 la Fiscal\u00eda General del Estado de Oaxaca, por lo cual despleg\u00f3 un equipo multidisciplinario para realizar las primeras indagatorias y trabajos ministeriales que permitan establecer una teor\u00eda del caso.<\/p>\n\n\n\n<p>En un comunicado, precis\u00f3 que el asesinado era un \u201cobjetivo prioritario\u201d dentro de las investigaciones por diferentes delitos cometidos en la regi\u00f3n de Valles Centrales, al ser considerado como generador de violencia.<\/p>\n\n\n\n<p>Detall\u00f3 que realiza una investigaci\u00f3n integral y multidisciplinaria para dar con quien o quienes resulten responsables.<\/p>\n\n\n\n<p>EN JUCHIT\u00c1N<\/p>\n\n\n\n<p>Por otra parte, esta ma\u00f1ana tambi\u00e9n fue ejecutado un individuo, en c\u00e9ntricas calles del municipio de Juchit\u00e1n de Zaragoza, sin que hubiera presencia de polic\u00edas municipales en la zona.<\/p>\n\n\n\n<p>El crimen ocurri\u00f3 en la calle Adolfo C. Gurri\u00f3n, a unas cuadras del palacio municipal, y la v\u00edctima fue identificada como Mois\u00e9s M. R., de aproximadamente 38 a\u00f1os de edad, quien tuvo su domicilio en la Octava Secci\u00f3n.<\/p>\n\n\n\n<p>El cuerpo presentaba varios impactos de arma de fuego en el cuerpo y en la cabeza; la Vicefiscal\u00eda Regional del Istmo inici\u00f3 la carpeta de investigaci\u00f3n correspondiente.<\/p>\n\n\n\n<p>EN COSOLAPA<\/p>\n\n\n\n<p>Por otra parte, en San Jos\u00e9 Cosolapa, municipio colindante con Tezonapa, Veracruz, esta tarde fue asesinado a balazos un profesor de una telesecundaria.<\/p>\n\n\n\n<p>Fue en la calle que divide a ambas localidades y frente a la escuela \u201c\u00c1lvaro G\u00e1lvez\u201d y la v\u00edctima fue identificada como Jacob H. N., de 60 a\u00f1os de edad.<\/p>\n\n\n\n<p>Hasta el momento se desconocen los motivos del homicidio, cuyo caso ya es investigado por la Vicefiscal\u00eda Regional de la Cuenca.<\/p>\n\n\n\n<p>EN PETAPA<\/p>\n\n\n\n<p>En Santa Mar\u00eda Petapan, municipio de la zona oriente de la regi\u00f3n del Istmo de Tehuantepec, atentaron en contra del ex presidente municipal Delfino Espinoza Dehesa.<\/p>\n\n\n\n<p>El ex edil sal\u00eda de su domicilio cuando fue atacado a balazos, por lo cual fue llevado a un hospital, donde a\u00fan convalece; pese a la luz del d\u00eda de la ma\u00f1ana, tampoco hubo polic\u00edas locales en la zona y mucho menos detenidos por este ataque.<\/p>\n","protected":false},"excerpt":{"rendered":"<p>Raymundo Morales\/Zona Roja. Oaxaca de Ju\u00e1rez, Oax., a 10 de septiembre de 2024.- Como J.&hellip;<\/p>\n","protected":false},"author":2,"featured_media":72313,"comment_status":"closed","ping_status":"open","sticky":false,"template":"","format":"standard","meta":{"_lmt_disableupdate":"","_lmt_disable":"","_jetpack_memberships_contains_paid_content":false,"footnotes":""},"categories":[109,51],"tags":[155],"class_list":["post-72312","post","type-post","status-publish","format-standard","has-post-thumbnail","hentry","category-minuto-a-minuto","category-zona-roja","tag-villa-de-zaachila"],"jetpack_featured_media_url":"https:\/\/zonaroja.com.mx\/wp-content\/uploads\/2024\/09\/Ejecutado-Villa-de-Zaachila.jpg","jetpack_sharing_enabled":true,"_links":{"self":[{"href":"https:\/\/zonaroja.com.mx\/index.php?rest_route=\/wp\/v2\/posts\/72312","targetHints":{"allow":["GET"]}}],"collection":[{"href":"https:\/\/zonaroja.com.mx\/index.php?rest_route=\/wp\/v2\/posts"}],"about":[{"href":"https:\/\/zonaroja.com.mx\/index.php?rest_route=\/wp\/v2\/types\/post"}],"author":[{"embeddable":true,"href":"https:\/\/zonaroja.com.mx\/index.php?rest_route=\/wp\/v2\/users\/2"}],"replies":[{"embeddable":true,"href":"https:\/\/zonaroja.com.mx\/index.php?rest_route=%2Fwp%2Fv2%2Fcomments&post=72312"}],"version-history":[{"count":1,"href":"https:\/\/zonaroja.com.mx\/index.php?rest_route=\/wp\/v2\/posts\/72312\/revisions"}],"predecessor-version":[{"id":72314,"href":"https:\/\/zonaroja.com.mx\/index.php?rest_route=\/wp\/v2\/posts\/72312\/revisions\/72314"}],"wp:featuredmedia":[{"embeddable":true,"href":"https:\/\/zonaroja.com.mx\/index.php?rest_route=\/wp\/v2\/media\/72313"}],"wp:attachment":[{"href":"https:\/\/zonaroja.com.mx\/index.php?rest_route=%2Fwp%2Fv2%2Fmedia&parent=72312"}],"wp:term":[{"taxonomy":"category","embeddable":true,"href":"https:\/\/zonaroja.com.mx\/index.php?rest_route=%2Fwp%2Fv2%2Fcategories&post=72312"},{"taxonomy":"post_tag","embeddable":true,"href":"https:\/\/zonaroja.com.mx\/index.php?rest_route=%2Fwp%2Fv2%2Ftags&post=72312"}],"curies":[{"name":"wp","href":"https:\/\/api.w.org\/{rel}","templated":true}]}}