{"id":72315,"date":"2024-09-11T06:57:06","date_gmt":"2024-09-11T12:57:06","guid":{"rendered":"https:\/\/zonaroja.com.mx\/?p=72315"},"modified":"2024-09-11T06:57:13","modified_gmt":"2024-09-11T12:57:13","slug":"entre-lios-y-protestas-senado-aprueba-reforma-judicial-en-lo-general-y-lo-particular","status":"publish","type":"post","link":"https:\/\/zonaroja.com.mx\/?p=72315","title":{"rendered":"Entre l\u00edos y protestas, Senado aprueba reforma judicial en lo general y lo particular\u00a0"},"content":{"rendered":"\n<p>Redacci\u00f3n\/Zona Roja Cdmx.<\/p>\n\n\n\n<p>Ciudad de M\u00e9xico, a 11 de septiembre de 2024.- En una sesi\u00f3n marcada por la tensi\u00f3n y el caos, el Senado de M\u00e9xico aprob\u00f3 en lo general y lo particular la reforma al Poder Judicial propuesta por el presidente Andr\u00e9s Manuel L\u00f3pez Obrador, que establece entre otras cosas la elecci\u00f3n popular de todos los jueces y magistrados, incluyendo a los de la Suprema Corte de Justicia de la Naci\u00f3n (SCJN).<\/p>\n\n\n\n<p>La votaci\u00f3n, que se llev\u00f3 a cabo en medio de un intenso debate y despu\u00e9s de un breve receso en la Antigua Casona de Xicot\u00e9ncatl, vio a una mayor\u00eda de senadores respaldar la reforma en lo general y lo particular, con 86 votos a favor, 41 en contra y cero abstenciones, respectivamente para cada votaci\u00f3n.<\/p>\n\n\n\n<p>Cabe apuntar que entre los senadores que votaron a favor se encuentran los dos perredistas Jos\u00e9 Herrera y Araceli Saucedo; as\u00ed como uno del Partido Acci\u00f3n Nacional (PAN) de la mano de Miguel \u00c1ngel Yunes M\u00e1rquez. A ello se sum\u00f3 la ausencia de un legislador de Movimiento Ciudadano (MC), Daniel Barreda.<\/p>\n\n\n\n<p>Uno de los momentos que marcaron la noche fue cuando el panista Yunes M\u00e1rquez emiti\u00f3 su voto a favor, en medio de v\u00edtores de Morena y sus aliados.<\/p>\n\n\n\n<p>La propuesta, que supuestamente busca transformar profundamente el sistema judicial del pa\u00eds, fue aprobada con una mayor\u00eda calificada, superando el umbral necesario para su implementaci\u00f3n.<\/p>\n\n\n\n<p>Tras esta aprobaci\u00f3n, la iniciativa se va a los congresos locales para su discusi\u00f3n y votaci\u00f3n. Se necesita el aval de por lo menos 17 congresos.<\/p>\n\n\n\n<p>Antes de la votaci\u00f3n, cientos de manifestantes protagonizaron una violenta refriega con polic\u00edas de la SSC la noche del martes, tras intentar ingresar a la antigua sede del Senado en Ciudad de M\u00e9xico.<\/p>\n\n\n\n<p>La situaci\u00f3n se desat\u00f3 cuando los manifestantes, entre los que se encontraban funcionarios judiciales en huelga y estudiantes universitarios, invadieron la actual sede del Senado, moviliz\u00e1ndose bajo la lluvia.<\/p>\n\n\n\n<figure class=\"wp-block-embed is-type-rich is-provider-twitter wp-block-embed-twitter\"><div class=\"wp-block-embed__wrapper\">\n<div class=\"twitter-tweet\"><blockquote class=\"twitter-tweet\" data-lang=\"es\"><p lang=\"es\" dir=\"ltr\"><a href=\"https:\/\/twitter.com\/hashtag\/%C3%9AltimoMinuto?src=hash&amp;ref_src=twsrc%5Etfw\">#\u00daltimoMinuto<\/a><br>1. Con 86 votos a favor -mayor\u00eda calificada-, el <a href=\"https:\/\/twitter.com\/senadomexicano?ref_src=twsrc%5Etfw\">@senadomexicano<\/a> aprob\u00f3 esta madrugada en lo general y en lo particular la reforma al Poder Judicial de la Federaci\u00f3n.<br>La minuta fue remitida de inmediato a los congresos de los estados. <a href=\"https:\/\/t.co\/zR2wacR96O\">pic.twitter.com\/zR2wacR96O<\/a><\/p>&mdash; Zona Roja Oaxaca (@ZonaRoja_Oaxaca) <a href=\"https:\/\/twitter.com\/ZonaRoja_Oaxaca\/status\/1833831779347927462?ref_src=twsrc%5Etfw\">11 de septiembre de 2024<\/a><\/blockquote><\/div>\n<\/div><\/figure>\n\n\n\n<p>Gritando consignas como \u201c\u00a1El poder judicial no va a caer, no va a caer!\u201d y \u201c\u00a1ni un paso atr\u00e1s!\u201d, los detractores de la reforma impulsada por el presidente L\u00f3pez Obrador desafiaron a las autoridades y al pleno legislativo. La propuesta presidencial busca convertir a M\u00e9xico en el primer pa\u00eds en elegir a todos sus jueces y magistrados, incluidos los de la Suprema Corte, por voto directo, lo que ha generado una feroz oposici\u00f3n.<\/p>\n\n\n\n<p>En medio del caos, los manifestantes lograron irrumpir en el hemiciclo del Senado, donde se desarrollaba el debate, y se vivieron momentos de gran tensi\u00f3n. Algunos miembros de la oposici\u00f3n denunciaron que la reforma vulnera la independencia judicial y elimina la posibilidad de ascender por m\u00e9ritos.<\/p>\n\n\n\n<p>La invasi\u00f3n al Senado se produjo despu\u00e9s de que los manifestantes bloquearan la semana pasada la C\u00e1mara de Diputados, obligando a los legisladores a aprobar la reforma en un polideportivo. En el pleno, el presidente del Senado, Gerardo Fern\u00e1ndez Noro\u00f1a, suspendi\u00f3 la sesi\u00f3n y acus\u00f3 a los opositores de orquestar una \u201coperaci\u00f3n hormiga\u201d para infiltrar a los manifestantes en un \u201cintento de golpe\u201d contra el Legislativo.<\/p>\n\n\n\n<p>La sesi\u00f3n se reanud\u00f3 horas despu\u00e9s en la Antigua Casona de Xicot\u00e9ncatl, donde el Senado sesion\u00f3 hasta 2011. Los manifestantes, al grito de \u201c\u00a1no est\u00e1n solos!\u201d y entonando el himno nacional, demostraron su apoyo a los senadores opositores. Fern\u00e1ndez Noro\u00f1a aleg\u00f3 que la invasi\u00f3n se debi\u00f3 a que la oposici\u00f3n tem\u00eda perder la votaci\u00f3n, dado que al oficialismo le faltaba un voto para alcanzar la mayor\u00eda calificada.<\/p>\n\n\n\n<p>TRAIDORES Y ESC\u00c1NDALO<\/p>\n\n\n\n<p>El debate se intensific\u00f3 con rumores de un \u201ctraidor\u201d en el seno de la oposici\u00f3n. Los se\u00f1alamientos apuntaron al senador del PAN, Miguel \u00c1ngel Yunes, quien se report\u00f3 enfermo y fue reemplazado por su padre, un pol\u00e9mico pol\u00edtico de Veracruz. La situaci\u00f3n gener\u00f3 una fuerte confrontaci\u00f3n dentro del partido, con el presidente del PAN, Marko Cort\u00e9s, acusando a Yunes padre de traici\u00f3n.<\/p>\n\n\n\n<p>M\u00e1s tarde, en la sesi\u00f3n de Xicot\u00e9ncatl, Miguel \u00c1ngel Yunes hijo apareci\u00f3 para confirmar su voto a favor de la reforma.<\/p>\n\n\n\n<p>Su decisi\u00f3n, ampliamente criticada por organismos internacionales y defensores de derechos humanos, ha intensificado la polarizaci\u00f3n en torno a la reforma judicial y ha dejado en evidencia las profundas divisiones dentro del Senado y entre la ciudadan\u00eda.<\/p>\n\n\n\n<p>(Informaci\u00f3n de Infobae M\u00e9xico)<\/p>\n","protected":false},"excerpt":{"rendered":"<p>Redacci\u00f3n\/Zona Roja Cdmx. Ciudad de M\u00e9xico, a 11 de septiembre de 2024.- En una sesi\u00f3n&hellip;<\/p>\n","protected":false},"author":2,"featured_media":72316,"comment_status":"closed","ping_status":"open","sticky":false,"template":"","format":"standard","meta":{"_lmt_disableupdate":"","_lmt_disable":"","_jetpack_memberships_contains_paid_content":false,"footnotes":""},"categories":[109,46],"tags":[4027,771],"class_list":["post-72315","post","type-post","status-publish","format-standard","has-post-thumbnail","hentry","category-minuto-a-minuto","category-zona-blanca","tag-reforma-al-poder-judicial","tag-senado-de-la-republica"],"jetpack_featured_media_url":"https:\/\/zonaroja.com.mx\/wp-content\/uploads\/2024\/09\/Senado-apruena-reforma-al-poder-juicial.webp","jetpack_sharing_enabled":true,"_links":{"self":[{"href":"https:\/\/zonaroja.com.mx\/index.php?rest_route=\/wp\/v2\/posts\/72315","targetHints":{"allow":["GET"]}}],"collection":[{"href":"https:\/\/zonaroja.com.mx\/index.php?rest_route=\/wp\/v2\/posts"}],"about":[{"href":"https:\/\/zonaroja.com.mx\/index.php?rest_route=\/wp\/v2\/types\/post"}],"author":[{"embeddable":true,"href":"https:\/\/zonaroja.com.mx\/index.php?rest_route=\/wp\/v2\/users\/2"}],"replies":[{"embeddable":true,"href":"https:\/\/zonaroja.com.mx\/index.php?rest_route=%2Fwp%2Fv2%2Fcomments&post=72315"}],"version-history":[{"count":1,"href":"https:\/\/zonaroja.com.mx\/index.php?rest_route=\/wp\/v2\/posts\/72315\/revisions"}],"predecessor-version":[{"id":72317,"href":"https:\/\/zonaroja.com.mx\/index.php?rest_route=\/wp\/v2\/posts\/72315\/revisions\/72317"}],"wp:featuredmedia":[{"embeddable":true,"href":"https:\/\/zonaroja.com.mx\/index.php?rest_route=\/wp\/v2\/media\/72316"}],"wp:attachment":[{"href":"https:\/\/zonaroja.com.mx\/index.php?rest_route=%2Fwp%2Fv2%2Fmedia&parent=72315"}],"wp:term":[{"taxonomy":"category","embeddable":true,"href":"https:\/\/zonaroja.com.mx\/index.php?rest_route=%2Fwp%2Fv2%2Fcategories&post=72315"},{"taxonomy":"post_tag","embeddable":true,"href":"https:\/\/zonaroja.com.mx\/index.php?rest_route=%2Fwp%2Fv2%2Ftags&post=72315"}],"curies":[{"name":"wp","href":"https:\/\/api.w.org\/{rel}","templated":true}]}}