{"id":72318,"date":"2024-09-11T07:04:03","date_gmt":"2024-09-11T13:04:03","guid":{"rendered":"https:\/\/zonaroja.com.mx\/?p=72318"},"modified":"2024-09-11T07:04:06","modified_gmt":"2024-09-11T13:04:06","slug":"congreso-de-oaxaca-el-primero-del-pais-en-avalar-la-reforma-al-poder-judicial","status":"publish","type":"post","link":"https:\/\/zonaroja.com.mx\/?p=72318","title":{"rendered":"Congreso de Oaxaca, el primero del pa\u00eds en avalar la reforma al Poder Judicial"},"content":{"rendered":"\n<p>Redacci\u00f3n\/Zona Roja.<\/p>\n\n\n\n<p>Oaxaca de Ju\u00e1rez, Oax. 11 de septiembre de 2024.- Con 41 votos a favor, el Congreso de Oaxaca aval\u00f3 la reforma constitucional relativa al Poder Judicial, convirti\u00e9ndose en el primero del pa\u00eds en respaldar esta modificaci\u00f3n federal.&nbsp;<\/p>\n\n\n\n<p>En cumplimiento al art\u00edculo 135 de la Constituci\u00f3n Pol\u00edtica de los Estados Unidos Mexicanos, la madrugada de este mi\u00e9rcoles el Pleno de la 65 Legislatura local sesion\u00f3 para analizar, discutir y avalar la minuta con proyecto de decreto remitida por el Congreso de la Uni\u00f3n, por el que se reforman y derogan diversas disposiciones de la Carta Magna, en materia de reforma al Poder Judicial.&nbsp;<\/p>\n\n\n\n<p>El presidente de la Junta de Coordinaci\u00f3n Pol\u00edtica (Jucopo), Sergio L\u00f3pez S\u00e1nchez, celebr\u00f3 que el Congreso de Oaxaca sea el primero del pa\u00eds en legislar para respaldar esta reforma propuesta por el presidente de la Rep\u00fablica, Andr\u00e9s Manuel L\u00f3pez Obrador, para dar \u201cun paso firme hacia la creaci\u00f3n de un sistema m\u00e1s \u00e1gil, que responda con prontitud y eficacia a las demandas de nuestros ciudadanos\u201d.&nbsp;<\/p>\n\n\n\n<p>Resalt\u00f3 que, con este cambio, se tiene como objetivo \u201cfortalecer la independencia del Poder Judicial, garantizar la imparcialidad de jueces; agilizar los procesos judiciales, combatir la corrupci\u00f3n y la impunidad\u201d.&nbsp;<\/p>\n\n\n\n<p>\u201cHa llegado el momento de implementar reformas profundas que garanticen la autonom\u00eda e independencia del Poder Judicial, pues no se trata de una cuesti\u00f3n de t\u00e9cnica, nos encontramos ante el reto de una justicia social, es momento de que nuestros tribunales sean verdaderos instrumentos de justicia y no solo el reflejo de los intereses de unos pocos\u201d, declar\u00f3.&nbsp;<\/p>\n\n\n\n<p>Con la reforma aprobada se modifican 18 art\u00edculos, se adicionan seis y se derogan diversas fracciones de cinco art\u00edculos de la Constituci\u00f3n Pol\u00edtica de los Estados Unidos Mexicanos, para establecer la elecci\u00f3n ciudadana de ministras y ministros de La Corte, as\u00ed como magistradas, magistrados, juezas y jueces, mediante mecanismos p\u00fablicos.&nbsp;<\/p>\n\n\n\n<p>Adem\u00e1s, se reducir\u00e1 el n\u00famero de ministros en la Suprema Corte de Justicia de la Naci\u00f3n, pasando de 11 a 9, y se acortar\u00e1 su periodo de encargo de 15 a 12 a\u00f1os.&nbsp;<\/p>\n\n\n\n<p>La renovaci\u00f3n del Poder Judicial deber\u00e1 concluir en la elecci\u00f3n federal ordinaria de 2027, de acuerdo con el Senado de la Rep\u00fablica.<\/p>\n\n\n\n<figure class=\"wp-block-embed is-type-rich is-provider-twitter wp-block-embed-twitter\"><div class=\"wp-block-embed__wrapper\">\n<div class=\"twitter-tweet\"><blockquote class=\"twitter-tweet\" data-lang=\"es\"><p lang=\"es\" dir=\"ltr\"><a href=\"https:\/\/twitter.com\/hashtag\/%C3%9AltimoMinuto?src=hash&amp;ref_src=twsrc%5Etfw\">#\u00daltimoMinuto<\/a><br>2. Y con una votaci\u00f3n in\u00e9dita, de 41 asistentes, alrededor de las 05:30 horas de hoy, en sesi\u00f3n extraordinaria el pleno del <a href=\"https:\/\/twitter.com\/CongresoOaxaca_?ref_src=twsrc%5Etfw\">@CongresoOaxaca_<\/a> aprob\u00f3 la minuta sobre la reforma al Poder Judicial de la Federaci\u00f3n, enviada por el Senado de la Rep\u00fablica. <a href=\"https:\/\/t.co\/SjQ4aBR8VF\">pic.twitter.com\/SjQ4aBR8VF<\/a><\/p>&mdash; Zona Roja Oaxaca (@ZonaRoja_Oaxaca) <a href=\"https:\/\/twitter.com\/ZonaRoja_Oaxaca\/status\/1833834432475832459?ref_src=twsrc%5Etfw\">11 de septiembre de 2024<\/a><\/blockquote><\/div>\n<\/div><\/figure>\n","protected":false},"excerpt":{"rendered":"<p>Redacci\u00f3n\/Zona Roja. Oaxaca de Ju\u00e1rez, Oax. 11 de septiembre de 2024.- Con 41 votos a&hellip;<\/p>\n","protected":false},"author":2,"featured_media":72319,"comment_status":"closed","ping_status":"open","sticky":false,"template":"","format":"standard","meta":{"_lmt_disableupdate":"","_lmt_disable":"","_jetpack_memberships_contains_paid_content":false,"footnotes":""},"categories":[109,46],"tags":[2743],"class_list":["post-72318","post","type-post","status-publish","format-standard","has-post-thumbnail","hentry","category-minuto-a-minuto","category-zona-blanca","tag-65-legislatura-del-estado-de-oaxaca"],"jetpack_featured_media_url":"https:\/\/zonaroja.com.mx\/wp-content\/uploads\/2024\/09\/Apruena-Congreso-de-Oaxaca-reforma-al-poder-judicial.jpeg","jetpack_sharing_enabled":true,"_links":{"self":[{"href":"https:\/\/zonaroja.com.mx\/index.php?rest_route=\/wp\/v2\/posts\/72318","targetHints":{"allow":["GET"]}}],"collection":[{"href":"https:\/\/zonaroja.com.mx\/index.php?rest_route=\/wp\/v2\/posts"}],"about":[{"href":"https:\/\/zonaroja.com.mx\/index.php?rest_route=\/wp\/v2\/types\/post"}],"author":[{"embeddable":true,"href":"https:\/\/zonaroja.com.mx\/index.php?rest_route=\/wp\/v2\/users\/2"}],"replies":[{"embeddable":true,"href":"https:\/\/zonaroja.com.mx\/index.php?rest_route=%2Fwp%2Fv2%2Fcomments&post=72318"}],"version-history":[{"count":1,"href":"https:\/\/zonaroja.com.mx\/index.php?rest_route=\/wp\/v2\/posts\/72318\/revisions"}],"predecessor-version":[{"id":72320,"href":"https:\/\/zonaroja.com.mx\/index.php?rest_route=\/wp\/v2\/posts\/72318\/revisions\/72320"}],"wp:featuredmedia":[{"embeddable":true,"href":"https:\/\/zonaroja.com.mx\/index.php?rest_route=\/wp\/v2\/media\/72319"}],"wp:attachment":[{"href":"https:\/\/zonaroja.com.mx\/index.php?rest_route=%2Fwp%2Fv2%2Fmedia&parent=72318"}],"wp:term":[{"taxonomy":"category","embeddable":true,"href":"https:\/\/zonaroja.com.mx\/index.php?rest_route=%2Fwp%2Fv2%2Fcategories&post=72318"},{"taxonomy":"post_tag","embeddable":true,"href":"https:\/\/zonaroja.com.mx\/index.php?rest_route=%2Fwp%2Fv2%2Ftags&post=72318"}],"curies":[{"name":"wp","href":"https:\/\/api.w.org\/{rel}","templated":true}]}}