{"id":72321,"date":"2024-09-11T09:11:00","date_gmt":"2024-09-11T15:11:00","guid":{"rendered":"https:\/\/zonaroja.com.mx\/?p=72321"},"modified":"2024-09-11T07:49:50","modified_gmt":"2024-09-11T13:49:50","slug":"llegan-a-acuerdos-edil-de-oaxaca-de-juarez-con-pensionados-y-jubilados","status":"publish","type":"post","link":"https:\/\/zonaroja.com.mx\/?p=72321","title":{"rendered":"Llegan a acuerdos edil de Oaxaca de Ju\u00e1rez con pensionados y jubilados"},"content":{"rendered":"\n<p>Redacci\u00f3n\/Zona Roja.<\/p>\n\n\n\n<p>Oaxaca de Ju\u00e1rez, Oax., a 11 de septiembre de 2024.- Despu\u00e9s de una jornada de di\u00e1logo en el marco de la sesi\u00f3n de Junta Directiva de la Direcci\u00f3n de Pensiones, el presidente municipal de Oaxaca de Ju\u00e1rez, Francisco Mart\u00ednez Neri, anunci\u00f3 que se ha alcanzado un acuerdo para que las personas jubiladas obtengan un 3.5% de aumento a su pensi\u00f3n, mismo que se compone de un 2.5% que aporta el gobierno municipal y un 1% que aporta la Direcci\u00f3n de Pensiones.&nbsp;<\/p>\n\n\n\n<p>Este beneficio en favor de las personas jubiladas y pensionadas ser\u00e1 aplicable en lo inmediato a partir de la primera quincena de octubre, adicional a ello el incremento se har\u00e1 retroactivo desde el mes de enero hasta septiembre y en lo sucesivo, con ello se cuida el poder adquisitivo de quienes por a\u00f1os prestaron sus servicios al Ayuntamiento capitalino.&nbsp;<\/p>\n\n\n\n<p>Mart\u00ednez Neri resalt\u00f3 que es fundamental ir incrementando paulatinamente las pensiones de acuerdo a las posibilidades presupuestales del municipio, y se mostr\u00f3 a favor del di\u00e1logo para lograr consensos y una retribuci\u00f3n justa para cientos de exempleados y sus familias.<\/p>\n\n\n\n<p>Y es que ayer por la ma\u00f1ana, un grupo de ex trabajadores del ayuntamiento efectu\u00f3 una protesta en el interior del palacio municipal e incluso por un lapso no permitieron la salida de personas del inmueble.<\/p>\n\n\n\n<p>En tanto, mientras se realizaba el di\u00e1logo entre las partes, los manifestantes permanecieron en el recinto capitalino y una vez alcanzados los acuerdos, se retiraron.<\/p>\n","protected":false},"excerpt":{"rendered":"<p>Redacci\u00f3n\/Zona Roja. Oaxaca de Ju\u00e1rez, Oax., a 11 de septiembre de 2024.- Despu\u00e9s de una&hellip;<\/p>\n","protected":false},"author":2,"featured_media":72322,"comment_status":"closed","ping_status":"open","sticky":false,"template":"","format":"standard","meta":{"_lmt_disableupdate":"","_lmt_disable":"","_jetpack_memberships_contains_paid_content":false,"footnotes":""},"categories":[109,46],"tags":[2418],"class_list":["post-72321","post","type-post","status-publish","format-standard","has-post-thumbnail","hentry","category-minuto-a-minuto","category-zona-blanca","tag-francisco-martinez-neri"],"jetpack_featured_media_url":"https:\/\/zonaroja.com.mx\/wp-content\/uploads\/2024\/09\/Acuerdo-ayuntamiento-y-jubilados.jpg","jetpack_sharing_enabled":true,"_links":{"self":[{"href":"https:\/\/zonaroja.com.mx\/index.php?rest_route=\/wp\/v2\/posts\/72321","targetHints":{"allow":["GET"]}}],"collection":[{"href":"https:\/\/zonaroja.com.mx\/index.php?rest_route=\/wp\/v2\/posts"}],"about":[{"href":"https:\/\/zonaroja.com.mx\/index.php?rest_route=\/wp\/v2\/types\/post"}],"author":[{"embeddable":true,"href":"https:\/\/zonaroja.com.mx\/index.php?rest_route=\/wp\/v2\/users\/2"}],"replies":[{"embeddable":true,"href":"https:\/\/zonaroja.com.mx\/index.php?rest_route=%2Fwp%2Fv2%2Fcomments&post=72321"}],"version-history":[{"count":1,"href":"https:\/\/zonaroja.com.mx\/index.php?rest_route=\/wp\/v2\/posts\/72321\/revisions"}],"predecessor-version":[{"id":72323,"href":"https:\/\/zonaroja.com.mx\/index.php?rest_route=\/wp\/v2\/posts\/72321\/revisions\/72323"}],"wp:featuredmedia":[{"embeddable":true,"href":"https:\/\/zonaroja.com.mx\/index.php?rest_route=\/wp\/v2\/media\/72322"}],"wp:attachment":[{"href":"https:\/\/zonaroja.com.mx\/index.php?rest_route=%2Fwp%2Fv2%2Fmedia&parent=72321"}],"wp:term":[{"taxonomy":"category","embeddable":true,"href":"https:\/\/zonaroja.com.mx\/index.php?rest_route=%2Fwp%2Fv2%2Fcategories&post=72321"},{"taxonomy":"post_tag","embeddable":true,"href":"https:\/\/zonaroja.com.mx\/index.php?rest_route=%2Fwp%2Fv2%2Ftags&post=72321"}],"curies":[{"name":"wp","href":"https:\/\/api.w.org\/{rel}","templated":true}]}}