{"id":72327,"date":"2024-09-11T08:29:43","date_gmt":"2024-09-11T14:29:43","guid":{"rendered":"https:\/\/zonaroja.com.mx\/?p=72327"},"modified":"2024-09-11T08:29:45","modified_gmt":"2024-09-11T14:29:45","slug":"liberan-a-elementos-de-la-aei-retenidos-en-telixtlahuaca","status":"publish","type":"post","link":"https:\/\/zonaroja.com.mx\/?p=72327","title":{"rendered":"Liberan a elementos de la AEI retenidos en Telixtlahuaca"},"content":{"rendered":"\n<p>Ismael Garc\u00eda M.\/Zona Roja.<\/p>\n\n\n\n<p>Oaxaca de Ju\u00e1rez, Oax., a 11 de septiembre de 2024.- Luego de al menos siete horas y tras ser golpeados, tres elementos de la Agencia Estatal de Investigaciones (AEI), de la Fiscal\u00eda General del Estado de Oaxaca, fueron puestos en libertad ayer por la tarde en San Francisco Telixtlahuaca.<\/p>\n\n\n\n<p>Y es que los agentes hab\u00edan acudido por la ma\u00f1ana a dar cumplimiento a una orden de aprehensi\u00f3n, presuntamente en contra de un individuo acusado de violaci\u00f3n, en dicho municipio del distrito de Etla, en la regi\u00f3n Valles Centrales.<\/p>\n\n\n\n<p>Pero un grupo de personas les sali\u00f3 al paso y les impidi\u00f3 aplicar el mandato; incluso al menos dos elementos fueron golpeados por los ciudadanos.<\/p>\n\n\n\n<p>M\u00e1s tarde arribaron m\u00e1s refuerzos y mandos de la AEI y de la Fiscal\u00eda General, para dialogar con los inconformes y finalmente fue por la tarde de ayer en que fueron puestos en libertad.<\/p>\n\n\n\n<p>Hasta el momento no hay informaci\u00f3n oficial al respecto y se desconoce si los agredidos interpondr\u00e1n sus denuncias correspondientes ante la instancia de procuraci\u00f3n de justicia.<\/p>\n\n\n\n<p>Tampoco se tienen datos acerca del individuo a quien iban a detener y si se mantendr\u00e1 vigente la orden de aprehensi\u00f3n o fue cancelada.<\/p>\n\n\n\n<figure class=\"wp-block-embed is-type-rich is-provider-twitter wp-block-embed-twitter\"><div class=\"wp-block-embed__wrapper\">\n<div class=\"twitter-tweet\"><blockquote class=\"twitter-tweet\" data-lang=\"es\"><p lang=\"es\" dir=\"ltr\"><a href=\"https:\/\/twitter.com\/hashtag\/%C3%9AltimoMinuto?src=hash&amp;ref_src=twsrc%5Etfw\">#\u00daltimoMinuto<\/a><br>Reportan la detenci\u00f3n de elementos de la <a href=\"https:\/\/twitter.com\/AEI_Oaxaca?ref_src=twsrc%5Etfw\">@AEI_Oaxaca<\/a>, de la <a href=\"https:\/\/twitter.com\/FISCALIA_GobOax?ref_src=twsrc%5Etfw\">@FISCALIA_GobOax<\/a>, por parte de pobladores del municipio de San Francisco Telixtlahuaca, quienes se oponen a la ejecuci\u00f3n de una orden de aprehensi\u00f3n en contra de un presunto delincuente. <a href=\"https:\/\/t.co\/IPJFK10CRB\">pic.twitter.com\/IPJFK10CRB<\/a><\/p>&mdash; Zona Roja Oaxaca (@ZonaRoja_Oaxaca) <a href=\"https:\/\/twitter.com\/ZonaRoja_Oaxaca\/status\/1833648968963928336?ref_src=twsrc%5Etfw\">10 de septiembre de 2024<\/a><\/blockquote><\/div>\n<\/div><\/figure>\n","protected":false},"excerpt":{"rendered":"<p>Ismael Garc\u00eda M.\/Zona Roja. Oaxaca de Ju\u00e1rez, Oax., a 11 de septiembre de 2024.- Luego&hellip;<\/p>\n","protected":false},"author":2,"featured_media":72329,"comment_status":"closed","ping_status":"open","sticky":false,"template":"","format":"standard","meta":{"_lmt_disableupdate":"","_lmt_disable":"","_jetpack_memberships_contains_paid_content":false,"footnotes":""},"categories":[109,47],"tags":[1709,3274],"class_list":["post-72327","post","type-post","status-publish","format-standard","has-post-thumbnail","hentry","category-minuto-a-minuto","category-zona-gris","tag-agencia-estatal-de-investigaciones-aei","tag-san-francisco-telixtlahuaca"],"jetpack_featured_media_url":"https:\/\/zonaroja.com.mx\/wp-content\/uploads\/2024\/09\/Agentes-AEI-detenidos-en-Telixtlahiaca.jpg","jetpack_sharing_enabled":true,"_links":{"self":[{"href":"https:\/\/zonaroja.com.mx\/index.php?rest_route=\/wp\/v2\/posts\/72327","targetHints":{"allow":["GET"]}}],"collection":[{"href":"https:\/\/zonaroja.com.mx\/index.php?rest_route=\/wp\/v2\/posts"}],"about":[{"href":"https:\/\/zonaroja.com.mx\/index.php?rest_route=\/wp\/v2\/types\/post"}],"author":[{"embeddable":true,"href":"https:\/\/zonaroja.com.mx\/index.php?rest_route=\/wp\/v2\/users\/2"}],"replies":[{"embeddable":true,"href":"https:\/\/zonaroja.com.mx\/index.php?rest_route=%2Fwp%2Fv2%2Fcomments&post=72327"}],"version-history":[{"count":1,"href":"https:\/\/zonaroja.com.mx\/index.php?rest_route=\/wp\/v2\/posts\/72327\/revisions"}],"predecessor-version":[{"id":72330,"href":"https:\/\/zonaroja.com.mx\/index.php?rest_route=\/wp\/v2\/posts\/72327\/revisions\/72330"}],"wp:featuredmedia":[{"embeddable":true,"href":"https:\/\/zonaroja.com.mx\/index.php?rest_route=\/wp\/v2\/media\/72329"}],"wp:attachment":[{"href":"https:\/\/zonaroja.com.mx\/index.php?rest_route=%2Fwp%2Fv2%2Fmedia&parent=72327"}],"wp:term":[{"taxonomy":"category","embeddable":true,"href":"https:\/\/zonaroja.com.mx\/index.php?rest_route=%2Fwp%2Fv2%2Fcategories&post=72327"},{"taxonomy":"post_tag","embeddable":true,"href":"https:\/\/zonaroja.com.mx\/index.php?rest_route=%2Fwp%2Fv2%2Ftags&post=72327"}],"curies":[{"name":"wp","href":"https:\/\/api.w.org\/{rel}","templated":true}]}}