{"id":72331,"date":"2024-09-11T11:31:00","date_gmt":"2024-09-11T17:31:00","guid":{"rendered":"https:\/\/zonaroja.com.mx\/?p=72331"},"modified":"2024-09-11T08:34:52","modified_gmt":"2024-09-11T14:34:52","slug":"detiene-fiscalia-a-dos-presuntos-secuestradores-en-la-costa-de-oaxaca","status":"publish","type":"post","link":"https:\/\/zonaroja.com.mx\/?p=72331","title":{"rendered":"Detiene Fiscal\u00eda a dos presuntos secuestradores en la Costa de Oaxaca"},"content":{"rendered":"\n<p>Redacci\u00f3n\/Zona Roja.<\/p>\n\n\n\n<p>Oaxaca de Ju\u00e1rez, Oax., a 11 de septiembre de 2024.- El trabajo ministerial especializado en delitos de alto impacto que lleva a cabo la Fiscal\u00eda General del Estado de Oaxaca (FGEO) hizo posible la detenci\u00f3n de dos personas del sexo masculino identificadas por las iniciales V. M. R. S. y D. P. A., por el delito de Secuestro, ocurrido en la regi\u00f3n de la Costa.<\/p>\n\n\n\n<p>Conforme a lo asentado en el expediente penal, los hechos ocurrieron el 04 de septiembre de 2024, cuando la v\u00edctima (cuya identidad est\u00e1 reservada por ley), quien labora como chofer de taxi, fue privado de la libertad tras haber brindado un servicio de viaje con destino a Pinotepa Nacional.<\/p>\n\n\n\n<p>La investigaci\u00f3n revela que, mientras la v\u00edctima estuvo en cautiverio, los captores ped\u00edan dinero en efectivo para su liberaci\u00f3n.<\/p>\n\n\n\n<p>Derivado de una denuncia, la Fiscal\u00eda de Oaxaca tom\u00f3 conocimiento del caso e inici\u00f3 las investigaciones correspondientes a trav\u00e9s de la Fiscal\u00eda Especial para la Atenci\u00f3n a Delitos de Alto Impacto, por lo que despleg\u00f3 a elementos de la Unidad Especializada en Combate al Secuestro, para realizar un operativo y rescatar a la v\u00edctima, logrando al mismo tiempo la detenci\u00f3n de V. M. R. S. y D. P. A., a quienes aseguraron dinero en efectivo, equipos telef\u00f3nicos y una arma de fuego.<\/p>\n\n\n\n<p>Por estos hechos, las dos personas, as\u00ed como los objetos asegurados, fueron presentadas ante la autoridad competente, para que se resuelva su situaci\u00f3n jur\u00eddica.<\/p>\n\n\n\n<p>De acuerdo con el resultado de las investigaciones, a trav\u00e9s de trabajos de inteligencia criminal que efect\u00faa la FGEO, se estableci\u00f3 que V.M. R. S. y D. P. A., estar\u00edan relacionados en diversas actividades il\u00edcitas cometidas en Mancuernas, El Ciruelo, Lagunillas municipios y agencias con l\u00edmites entre Oaxaca y el estado de Guerrero, como consta en diversas carpetas de investigaci\u00f3n.<\/p>\n\n\n\n<p>Los trabajos de combate al secuestro que realiza la Fiscal\u00eda de Oaxaca se efect\u00faan en estricto apego a los protocolos de actuaci\u00f3n en la materia para dar certeza a las v\u00edctimas directas e indirectas, para que tengan pleno acceso a la justicia.<\/p>\n\n\n\n<p>VINCULADO A PROCESO<\/p>\n\n\n\n<p>En otro caso, la Fiscal\u00eda General obtuvo auto de vinculaci\u00f3n a proceso en contra de una persona del sexo masculino identificada como E.H.R., por el delito Contra la Salud en agravio de la sociedad, cometido en la regi\u00f3n de la Costa.<\/p>\n\n\n\n<p>De acuerdo con la investigaci\u00f3n penal, E.H.R., fue detenido en calles c\u00e9ntricas de San Pedro Pochutla por polic\u00edas municipales que al implementar recorridos de seguridad y vigilancia observaron al sujeto que, al verlos, intent\u00f3 darse a la fuga, por lo que fue alcanzado y conforme a derecho se le efectu\u00f3 una inspecci\u00f3n de rutina.<\/p>\n\n\n\n<p>Durante la revisi\u00f3n, a E.H.R. le fueron halladas diversas dosis de metanfetaminas, droga com\u00fanmente conocida como cristal.<\/p>\n\n\n\n<p>Por estos hechos fue detenido y presentado ante el Ministerio P\u00fablico adscrito a la Vicefiscal\u00eda Regional de la Costa, quien present\u00f3 ante la autoridad correspondiente para su proceso legal.<\/p>\n\n\n\n<p>Durante la audiencia de desahogo y tras los datos de prueba presentados por la FGEO, el juez que atiende la causa dict\u00f3 auto de vinculaci\u00f3n a proceso por el delito Contra la Salud imponiendo la medida cautelar de prisi\u00f3n preventiva justificada, adem\u00e1s de otorgar un mes para el cierre de la investigaci\u00f3n complementaria.<\/p>\n","protected":false},"excerpt":{"rendered":"<p>Redacci\u00f3n\/Zona Roja. Oaxaca de Ju\u00e1rez, Oax., a 11 de septiembre de 2024.- El trabajo ministerial&hellip;<\/p>\n","protected":false},"author":2,"featured_media":72332,"comment_status":"closed","ping_status":"open","sticky":false,"template":"","format":"standard","meta":{"_lmt_disableupdate":"","_lmt_disable":"","_jetpack_memberships_contains_paid_content":false,"footnotes":""},"categories":[109,46],"tags":[],"class_list":["post-72331","post","type-post","status-publish","format-standard","has-post-thumbnail","hentry","category-minuto-a-minuto","category-zona-blanca"],"jetpack_featured_media_url":"https:\/\/zonaroja.com.mx\/wp-content\/uploads\/2024\/09\/Detenidos-secuestradores-Costa.jpg","jetpack_sharing_enabled":true,"_links":{"self":[{"href":"https:\/\/zonaroja.com.mx\/index.php?rest_route=\/wp\/v2\/posts\/72331","targetHints":{"allow":["GET"]}}],"collection":[{"href":"https:\/\/zonaroja.com.mx\/index.php?rest_route=\/wp\/v2\/posts"}],"about":[{"href":"https:\/\/zonaroja.com.mx\/index.php?rest_route=\/wp\/v2\/types\/post"}],"author":[{"embeddable":true,"href":"https:\/\/zonaroja.com.mx\/index.php?rest_route=\/wp\/v2\/users\/2"}],"replies":[{"embeddable":true,"href":"https:\/\/zonaroja.com.mx\/index.php?rest_route=%2Fwp%2Fv2%2Fcomments&post=72331"}],"version-history":[{"count":1,"href":"https:\/\/zonaroja.com.mx\/index.php?rest_route=\/wp\/v2\/posts\/72331\/revisions"}],"predecessor-version":[{"id":72333,"href":"https:\/\/zonaroja.com.mx\/index.php?rest_route=\/wp\/v2\/posts\/72331\/revisions\/72333"}],"wp:featuredmedia":[{"embeddable":true,"href":"https:\/\/zonaroja.com.mx\/index.php?rest_route=\/wp\/v2\/media\/72332"}],"wp:attachment":[{"href":"https:\/\/zonaroja.com.mx\/index.php?rest_route=%2Fwp%2Fv2%2Fmedia&parent=72331"}],"wp:term":[{"taxonomy":"category","embeddable":true,"href":"https:\/\/zonaroja.com.mx\/index.php?rest_route=%2Fwp%2Fv2%2Fcategories&post=72331"},{"taxonomy":"post_tag","embeddable":true,"href":"https:\/\/zonaroja.com.mx\/index.php?rest_route=%2Fwp%2Fv2%2Ftags&post=72331"}],"curies":[{"name":"wp","href":"https:\/\/api.w.org\/{rel}","templated":true}]}}