{"id":72334,"date":"2024-09-11T13:34:00","date_gmt":"2024-09-11T19:34:00","guid":{"rendered":"https:\/\/zonaroja.com.mx\/?p=72334"},"modified":"2024-09-11T08:38:28","modified_gmt":"2024-09-11T14:38:28","slug":"cumple-antonino-morales-con-la-historia-y-vota-a-favor-de-la-reforma-judicial","status":"publish","type":"post","link":"https:\/\/zonaroja.com.mx\/?p=72334","title":{"rendered":"Cumple Antonino Morales con la historia y vota a favor de la reforma judicial"},"content":{"rendered":"\n<p>Raymundo Morales\/Zona Roja.<\/p>\n\n\n\n<p>Oaxaca de Ju\u00e1rez, Oax., a 11 de septiembre de 2024.- \u201c\u00a1Mi voto, por todos mis hermanas y hermanos que hablamos las hermosas leguas que nos ense\u00f1aron nuestros abuelos y abuelas, por M\u00e9xico, por Oaxaca, a favor de la reforma al Poder Judicial de la Federaci\u00f3n!\u201d.<\/p>\n\n\n\n<p>Antonino (Nino) Morales Toledo, senador de la Rep\u00fablica, vot\u00f3 la madrugada de este mi\u00e9rcoles a favor de la reforma al Poder Judicial, en una hist\u00f3rica sesi\u00f3n que se llev\u00f3 a cabo en la Casona de Xicot\u00e9ncatl, Ciudad de M\u00e9xico.<\/p>\n\n\n\n<p>Al emitir su voto, el legislador de origen ind\u00edgena, expres\u00f3 unas palabras en zapoteco -su lengua materna -, en donde confirm\u00f3 que su voto es a favor de la reforma al Poder Judicial y que lo hac\u00eda por sus hermanas y hermanos ind\u00edgenas del pa\u00eds, quienes se mantienen orgullosos de sus ra\u00edces, hablando&nbsp; su lengua madre, as\u00ed tambi\u00e9n por una justicia pronta y expedita que merece M\u00e9xico y por supuesto Oaxaca.<\/p>\n\n\n\n<p>Nino Morales, indic\u00f3 que no obstante de que el conservadurismo reaccionario pretendi\u00f3 frenar la aprobaci\u00f3n de la reforma, la voz del aut\u00e9ntico pueblo se hizo escuchar, porque hay compromiso y tambi\u00e9n unidad en la construcci\u00f3n de un nuevo sistema de justicia para el Segundo Piso de la Cuarta Transformaci\u00f3n.<\/p>\n\n\n\n<p>El legislador por Oaxaca, reiter\u00f3 que seguir\u00e1 trabajando para cumplir con el mandato del pueblo, y por lo que&nbsp; tambi\u00e9n su compromiso es seguir aprobando iniciativas que brinden seguridad y bienestar a las familias tanto de su estado, como del pa\u00eds.<\/p>\n\n\n\n<p>Cabe mencionar que la reforma impulsada por el presidente Andr\u00e9s Manuel L\u00f3pez Obrador y respaldada por la presidenta electa Claudia Sheinbaum Pardo, fue votada en lo particular y en lo general, y hoy M\u00e9xico cuenta con un nuevo Poder Judicial que elimina privilegios y excesos y garantiza una justicia pronta y expedita para las y los mexicanos.<\/p>\n\n\n\n<figure class=\"wp-block-embed is-type-rich is-provider-twitter wp-block-embed-twitter\"><div class=\"wp-block-embed__wrapper\">\n<div class=\"twitter-tweet\"><blockquote class=\"twitter-tweet\" data-lang=\"es\"><p lang=\"es\" dir=\"ltr\">\u201c\u00a1Mi voto, por todos mis hermanas y hermanos que hablamos las hermosas leguas que nos ense\u00f1aron nuestros abuelos y abuelas, por M\u00e9xico, por Oaxaca, a favor de la reforma al Poder Judicial de la Federaci\u00f3n!\u201d.<br><br>As\u00ed fue el voto del senador oaxaque\u00f1o <a href=\"https:\/\/twitter.com\/Nino_Morales1?ref_src=twsrc%5Etfw\">@Nino_Morales1<\/a>. <a href=\"https:\/\/t.co\/wPTHYxafs4\">pic.twitter.com\/wPTHYxafs4<\/a><\/p>&mdash; Zona Roja Oaxaca (@ZonaRoja_Oaxaca) <a href=\"https:\/\/twitter.com\/ZonaRoja_Oaxaca\/status\/1833838112436572617?ref_src=twsrc%5Etfw\">11 de septiembre de 2024<\/a><\/blockquote><\/div>\n<\/div><\/figure>\n","protected":false},"excerpt":{"rendered":"<p>Raymundo Morales\/Zona Roja. Oaxaca de Ju\u00e1rez, Oax., a 11 de septiembre de 2024.- \u201c\u00a1Mi voto,&hellip;<\/p>\n","protected":false},"author":2,"featured_media":72328,"comment_status":"closed","ping_status":"open","sticky":false,"template":"","format":"standard","meta":{"_lmt_disableupdate":"","_lmt_disable":"","_jetpack_memberships_contains_paid_content":false,"footnotes":""},"categories":[109,46],"tags":[180],"class_list":["post-72334","post","type-post","status-publish","format-standard","has-post-thumbnail","hentry","category-minuto-a-minuto","category-zona-blanca","tag-antonino-morales-toledo"],"jetpack_featured_media_url":"https:\/\/zonaroja.com.mx\/wp-content\/uploads\/2024\/09\/Antonino-Morales-reforma-al-Poder-Judicial.jpg","jetpack_sharing_enabled":true,"_links":{"self":[{"href":"https:\/\/zonaroja.com.mx\/index.php?rest_route=\/wp\/v2\/posts\/72334","targetHints":{"allow":["GET"]}}],"collection":[{"href":"https:\/\/zonaroja.com.mx\/index.php?rest_route=\/wp\/v2\/posts"}],"about":[{"href":"https:\/\/zonaroja.com.mx\/index.php?rest_route=\/wp\/v2\/types\/post"}],"author":[{"embeddable":true,"href":"https:\/\/zonaroja.com.mx\/index.php?rest_route=\/wp\/v2\/users\/2"}],"replies":[{"embeddable":true,"href":"https:\/\/zonaroja.com.mx\/index.php?rest_route=%2Fwp%2Fv2%2Fcomments&post=72334"}],"version-history":[{"count":1,"href":"https:\/\/zonaroja.com.mx\/index.php?rest_route=\/wp\/v2\/posts\/72334\/revisions"}],"predecessor-version":[{"id":72335,"href":"https:\/\/zonaroja.com.mx\/index.php?rest_route=\/wp\/v2\/posts\/72334\/revisions\/72335"}],"wp:featuredmedia":[{"embeddable":true,"href":"https:\/\/zonaroja.com.mx\/index.php?rest_route=\/wp\/v2\/media\/72328"}],"wp:attachment":[{"href":"https:\/\/zonaroja.com.mx\/index.php?rest_route=%2Fwp%2Fv2%2Fmedia&parent=72334"}],"wp:term":[{"taxonomy":"category","embeddable":true,"href":"https:\/\/zonaroja.com.mx\/index.php?rest_route=%2Fwp%2Fv2%2Fcategories&post=72334"},{"taxonomy":"post_tag","embeddable":true,"href":"https:\/\/zonaroja.com.mx\/index.php?rest_route=%2Fwp%2Fv2%2Ftags&post=72334"}],"curies":[{"name":"wp","href":"https:\/\/api.w.org\/{rel}","templated":true}]}}