{"id":7234,"date":"2020-01-02T21:15:27","date_gmt":"2020-01-03T03:15:27","guid":{"rendered":"http:\/\/www.zonaroja.com.mx\/?p=7234"},"modified":"2020-01-02T21:15:29","modified_gmt":"2020-01-03T03:15:29","slug":"a-mas-de-un-ano-no-hay-rastro-de-madre-e-hija-desaparecidas","status":"publish","type":"post","link":"https:\/\/zonaroja.com.mx\/?p=7234","title":{"rendered":"A m\u00e1s de un a\u00f1o, no hay rastro de madre e hija desaparecidas"},"content":{"rendered":"\n<p>Evlin Arag\u00f3n\/Zona Roja.<\/p>\n\n\n\n<p>Oaxaca de Ju\u00e1rez, Oax., 2 de enero de\n2020.- Mar\u00eda Concha Rebollar, de 46 a\u00f1os de edad, y su hija Martha Rosa S\u00e1nchez,\nde 20 a\u00f1os, fueron vistas por \u00faltima vez el 25 de diciembre del 2018 en su\ndomicilio ubicado en la colonia La Soledad en el municipio de San Antonio de la\nCal, donde pasaban la Navidad. <\/p>\n\n\n\n<p>Hace m\u00e1s de un a\u00f1o de los hechos y la\nFiscal\u00eda General de Estado de Oaxaca no ha emitido avances del caso, aunque\ndesde enero del 2019 anunci\u00f3 la detenci\u00f3n de F\u00e9lix S. J. L., polic\u00eda municipal\nde Santa Luc\u00eda del Camino, acusado como probable responsable de la desaparici\u00f3n\nforzada de ambas mujeres, la realidad es que nada se sabe del paradero de madre\ne hija.<\/p>\n\n\n\n<p>Despu\u00e9s de un cateo a la casa del\nimputado se encontraron los tel\u00e9fonos celulares de las mujeres; adem\u00e1s, una de\nlas botas del hombre se encontraba manchada de sangre la cual coincid\u00eda con la\nencontrada en la vivienda de las dos desaparecidas, e incluso las llaves de la\ncasa de las v\u00edctimas.<\/p>\n\n\n\n<p>Lo anterior podr\u00eda deducir que las\nmujeres fueron asesinadas; sin embargo, lo anterior no ha sido confirmado por\nlas autoridades toda vez que el imputado se reserv\u00f3 su declaraci\u00f3n y la juez de\ncontrol dio un plazo de cinco meses para recabar m\u00e1s pruebas o dar con el\nparadero de las dos mujeres.<\/p>\n\n\n\n<p>Tiempo que ya transcurri\u00f3 sin que pueda\nterminarse con la incertidumbre para la familia de las mujeres que esperan\nconocer su paradero.<\/p>\n\n\n\n<p>Pese a que la mayor de las mujeres era militante\ndel partido Morena, s\u00f3lo durante el primer mes de su desaparici\u00f3n la dirigencia\nestatal, representada por Sesul Bola\u00f1os, se pronunci\u00f3 en torno al caso,\nexigiendo a las autoridades para que realizaran la b\u00fasqueda, incluso declar\u00f3\nhaberse reunido con el fiscal Rub\u00e9n Vasconcelos M\u00e9ndez.<\/p>\n\n\n\n<p>No obstante, posteriormente la familia\ncuestion\u00f3 a las autoridades del partido, de forma concreta al senador Salom\u00f3n\nJara Cruz, a quien recurrieron para solicitar su apoyo y en respuesta obtuvo un\n\u201cno tengo tiempo porque tengo un evento\u201d, como lo refiri\u00f3 a finales de enero\ndel 2019 el portal de noticias P\u00e1gina 3.<\/p>\n\n\n\n<p>Quienes s\u00ed se pronunciaron fueron\ndocentes y estudiantes de la Universidad La Salle quienes en agosto pasado\nexigieron a la Fiscal\u00eda General del Estado contin\u00fae con la b\u00fasqueda de la joven\nMartha Rosa, matriculada en la instituci\u00f3n.<\/p>\n\n\n\n<p>\u00ab\u00bfQui\u00e9n debe ser Martha para que\nla encuentren?, \u00bfQui\u00e9n debe ser Martha para que la busquen? \u00bfNecesitaba tener\nun cargo importante en alguna universidad? \u00bfHija de un funcionario? \u00bfHija de un\nempresario? \u00bfQui\u00e9n da la cara por ella?, refieren en un video publicado en las\nredes sociales.<\/p>\n\n\n\n<p>Sin importar el tiempo que ha pasado\ndesde su desaparici\u00f3n, exigieron a las autoridades no desistir en la misi\u00f3n de\nlocalizar a las dos mujeres que fueron vistas por \u00faltima vez hace m\u00e1s de un\na\u00f1o.<\/p>\n","protected":false},"excerpt":{"rendered":"<p>Evlin Arag\u00f3n\/Zona Roja. Oaxaca de Ju\u00e1rez, Oax., 2 de enero de 2020.- Mar\u00eda Concha Rebollar,&hellip;<\/p>\n","protected":false},"author":2,"featured_media":4248,"comment_status":"closed","ping_status":"open","sticky":false,"template":"","format":"standard","meta":{"_lmt_disableupdate":"","_lmt_disable":"","_jetpack_memberships_contains_paid_content":false,"footnotes":""},"categories":[109,47],"tags":[1223,1224],"class_list":["post-7234","post","type-post","status-publish","format-standard","has-post-thumbnail","hentry","category-minuto-a-minuto","category-zona-gris","tag-maria-concha-rebollar","tag-martha-rosas-sanchez"],"jetpack_featured_media_url":"https:\/\/zonaroja.com.mx\/wp-content\/uploads\/2019\/09\/Madre-e-hija1.jpg","jetpack_sharing_enabled":true,"_links":{"self":[{"href":"https:\/\/zonaroja.com.mx\/index.php?rest_route=\/wp\/v2\/posts\/7234","targetHints":{"allow":["GET"]}}],"collection":[{"href":"https:\/\/zonaroja.com.mx\/index.php?rest_route=\/wp\/v2\/posts"}],"about":[{"href":"https:\/\/zonaroja.com.mx\/index.php?rest_route=\/wp\/v2\/types\/post"}],"author":[{"embeddable":true,"href":"https:\/\/zonaroja.com.mx\/index.php?rest_route=\/wp\/v2\/users\/2"}],"replies":[{"embeddable":true,"href":"https:\/\/zonaroja.com.mx\/index.php?rest_route=%2Fwp%2Fv2%2Fcomments&post=7234"}],"version-history":[{"count":1,"href":"https:\/\/zonaroja.com.mx\/index.php?rest_route=\/wp\/v2\/posts\/7234\/revisions"}],"predecessor-version":[{"id":7235,"href":"https:\/\/zonaroja.com.mx\/index.php?rest_route=\/wp\/v2\/posts\/7234\/revisions\/7235"}],"wp:featuredmedia":[{"embeddable":true,"href":"https:\/\/zonaroja.com.mx\/index.php?rest_route=\/wp\/v2\/media\/4248"}],"wp:attachment":[{"href":"https:\/\/zonaroja.com.mx\/index.php?rest_route=%2Fwp%2Fv2%2Fmedia&parent=7234"}],"wp:term":[{"taxonomy":"category","embeddable":true,"href":"https:\/\/zonaroja.com.mx\/index.php?rest_route=%2Fwp%2Fv2%2Fcategories&post=7234"},{"taxonomy":"post_tag","embeddable":true,"href":"https:\/\/zonaroja.com.mx\/index.php?rest_route=%2Fwp%2Fv2%2Ftags&post=7234"}],"curies":[{"name":"wp","href":"https:\/\/api.w.org\/{rel}","templated":true}]}}