{"id":72343,"date":"2024-09-11T18:23:59","date_gmt":"2024-09-12T00:23:59","guid":{"rendered":"https:\/\/zonaroja.com.mx\/?p=72343"},"modified":"2024-09-11T18:24:02","modified_gmt":"2024-09-12T00:24:02","slug":"reconoce-fiscalia-a-reforma-judicial-como-un-paso-a-sistema-de-justicia-equitativo","status":"publish","type":"post","link":"https:\/\/zonaroja.com.mx\/?p=72343","title":{"rendered":"Reconoce Fiscal\u00eda a reforma judicial como un paso a sistema de justicia equitativo"},"content":{"rendered":"\n<p>Redacci\u00f3n\/Zona Roja.<\/p>\n\n\n\n<p>Oaxaca de Ju\u00e1rez, Oax. 11 de septiembre de 2024.- La Fiscal\u00eda General de Justicia del Estado de Oaxaca, destac\u00f3 la reciente aprobaci\u00f3n de la reforma constitucional al Poder Judicial por parte del Congreso de la Uni\u00f3n y su correspondiente aprobaci\u00f3n por parte del Congreso del Estado.&nbsp;<\/p>\n\n\n\n<p>\u201cSin duda, esta reforma constituye un paso fundamental hacia un sistema de justicia m\u00e1s equitativo y democr\u00e1tico en M\u00e9xico.&nbsp;<\/p>\n\n\n\n<p>\u201cCon este acontecimiento, se abren nuevos caminos para construir un andamiaje jur\u00eddico institucional en el que la ciudadan\u00eda se sienta m\u00e1s pr\u00f3xima a quienes imparten justicia en nuestro pa\u00eds\u201d, destac\u00f3 la instituci\u00f3n que preside Bernardo Rodr\u00edguez Alamilla.<\/p>\n\n\n\n<p>En un comunicado, a\u00f1adi\u00f3 que en esta materia, el reto ser\u00e1 siempre c\u00f3mo generar propuestas creativas que impacten no s\u00f3lo en un mejoramiento en el acceso a la justicia, sino tambi\u00e9n en un ejercicio m\u00e1s democr\u00e1tico de los derechos humanos.&nbsp;<\/p>\n\n\n\n<p>\u201cLa elecci\u00f3n de personas juzgadoras tanto a nivel federal como local, el establecimiento de un plazo l\u00edmite para dictar sentencias, la creaci\u00f3n de un \u00f3rgano nacional de formaci\u00f3n y certificaci\u00f3n de operadores jur\u00eddicos, entre otros aspectos destacables en esta reforma, representan un nuevo cap\u00edtulo en la historia de M\u00e9xico en su transitar hacia mejores modelos de justicia\u201d, expuso.<\/p>\n\n\n\n<p>La Fiscal\u00eda indic\u00f3 que el dise\u00f1o institucional la \u00fanica constante es el cambio, \u201cpor ello, damos la bienvenida a este importante suceso de la vida nacional y reconocemos la obligaci\u00f3n, como instituci\u00f3n procuradora de justicia, de transformarnos y realizar las adecuaciones necesarias, en beneficio de la ciudadan\u00eda, para estar acorde a la nueva realidad que esta reforma plantea\u201d.<\/p>\n","protected":false},"excerpt":{"rendered":"<p>Redacci\u00f3n\/Zona Roja. Oaxaca de Ju\u00e1rez, Oax. 11 de septiembre de 2024.- La Fiscal\u00eda General de&hellip;<\/p>\n","protected":false},"author":2,"featured_media":71790,"comment_status":"closed","ping_status":"open","sticky":false,"template":"","format":"standard","meta":{"_lmt_disableupdate":"","_lmt_disable":"","_jetpack_memberships_contains_paid_content":false,"footnotes":""},"categories":[109,46],"tags":[494],"class_list":["post-72343","post","type-post","status-publish","format-standard","has-post-thumbnail","hentry","category-minuto-a-minuto","category-zona-blanca","tag-fiscalia-general-del-estado-de-oaxaca"],"jetpack_featured_media_url":"https:\/\/zonaroja.com.mx\/wp-content\/uploads\/2024\/08\/img_6811-1.jpg","jetpack_sharing_enabled":true,"_links":{"self":[{"href":"https:\/\/zonaroja.com.mx\/index.php?rest_route=\/wp\/v2\/posts\/72343","targetHints":{"allow":["GET"]}}],"collection":[{"href":"https:\/\/zonaroja.com.mx\/index.php?rest_route=\/wp\/v2\/posts"}],"about":[{"href":"https:\/\/zonaroja.com.mx\/index.php?rest_route=\/wp\/v2\/types\/post"}],"author":[{"embeddable":true,"href":"https:\/\/zonaroja.com.mx\/index.php?rest_route=\/wp\/v2\/users\/2"}],"replies":[{"embeddable":true,"href":"https:\/\/zonaroja.com.mx\/index.php?rest_route=%2Fwp%2Fv2%2Fcomments&post=72343"}],"version-history":[{"count":1,"href":"https:\/\/zonaroja.com.mx\/index.php?rest_route=\/wp\/v2\/posts\/72343\/revisions"}],"predecessor-version":[{"id":72344,"href":"https:\/\/zonaroja.com.mx\/index.php?rest_route=\/wp\/v2\/posts\/72343\/revisions\/72344"}],"wp:featuredmedia":[{"embeddable":true,"href":"https:\/\/zonaroja.com.mx\/index.php?rest_route=\/wp\/v2\/media\/71790"}],"wp:attachment":[{"href":"https:\/\/zonaroja.com.mx\/index.php?rest_route=%2Fwp%2Fv2%2Fmedia&parent=72343"}],"wp:term":[{"taxonomy":"category","embeddable":true,"href":"https:\/\/zonaroja.com.mx\/index.php?rest_route=%2Fwp%2Fv2%2Fcategories&post=72343"},{"taxonomy":"post_tag","embeddable":true,"href":"https:\/\/zonaroja.com.mx\/index.php?rest_route=%2Fwp%2Fv2%2Ftags&post=72343"}],"curies":[{"name":"wp","href":"https:\/\/api.w.org\/{rel}","templated":true}]}}