{"id":72345,"date":"2024-09-11T18:53:16","date_gmt":"2024-09-12T00:53:16","guid":{"rendered":"https:\/\/zonaroja.com.mx\/?p=72345"},"modified":"2024-09-11T18:53:17","modified_gmt":"2024-09-12T00:53:17","slug":"reconoce-gobernador-decision-del-congreso-para-avalar-reforma-judicial","status":"publish","type":"post","link":"https:\/\/zonaroja.com.mx\/?p=72345","title":{"rendered":"Reconoce gobernador decisi\u00f3n del Congreso para avalar reforma judicial"},"content":{"rendered":"\n<p>Redacci\u00f3n\/Zona Roja.<\/p>\n\n\n\n<p>Oaxaca de Ju\u00e1rez, Oax., a 11 de septiembre de 2024.- El gobernador de Oaxaca, Salom\u00f3n Jara Cruz, celebr\u00f3 que el Congreso del Estado haya sido el primero en el pa\u00eds en aprobar la reforma al Poder Judicial impulsada por el Presidente de la Rep\u00fablica, Andr\u00e9s Manuel L\u00f3pez Obrador.&nbsp;<\/p>\n\n\n\n<p>Luego de montar una guardia de honor y depositar una ofrenda floral en el monumento a la Independencia en la Ciudad de M\u00e9xico, el mandatario estatal calific\u00f3 la determinaci\u00f3n legislativa como hist\u00f3rica y sin precedentes.&nbsp;<\/p>\n\n\n\n<p>Acompa\u00f1ado por la senadora Laura Estrada y los senadores Antonino Morales y Luis Alfonso Silva, el gobernante oaxaque\u00f1o destac\u00f3 el consenso de todas las fuerzas pol\u00edticas para aprobar la minuta enviada por el Congreso de la Uni\u00f3n.&nbsp;<\/p>\n\n\n\n<p>\u201cLas y los diputados oaxaque\u00f1os son un ejemplo de responsabilidad y madurez pol\u00edtica, caminando por el lado correcto de la historia al anteponer el inter\u00e9s de las mayor\u00edas con una votaci\u00f3n un\u00e1nime\u201d, dijo.<\/p>\n\n\n\n<p>En este contexto, Jara Cruz conden\u00f3 los hechos ocurridos en la sede de la C\u00e1mara de Senadores, as\u00ed como la postura irresponsable y provocadora de la oposici\u00f3n, \u201cfue lamentable que incitaran a la violencia en el recinto parlamentario y, sobre todo, que pusieran en riesgo la integridad de quienes se encontraban en el interior \u201c.&nbsp;<\/p>\n\n\n\n<p>Subray\u00f3 que la aprobaci\u00f3n de esta reforma es un \u00abpaso firme hacia la construcci\u00f3n de un sistema de justicia democr\u00e1tico e independiente\u00bb.&nbsp;<\/p>\n\n\n\n<p>El gobernador Salom\u00f3n Jara finaliz\u00f3 se\u00f1alando que, con este paso, Oaxaca se posiciona como un estado l\u00edder en la implementaci\u00f3n de reformas clave para el pa\u00eds.&nbsp;<\/p>\n\n\n\n<p>\u201cEl estado reafirma su compromiso con la transformaci\u00f3n hacia un sistema de justicia que combata la corrupci\u00f3n en el Poder Judicial y garantice la imparcialidad de los juzgadores, marcando un precedente para otras entidades federativas.\u201d, concluy\u00f3.<\/p>\n\n\n\n<figure class=\"wp-block-embed is-type-rich is-provider-twitter wp-block-embed-twitter\"><div class=\"wp-block-embed__wrapper\">\n<div class=\"twitter-tweet\"><blockquote class=\"twitter-tweet\" data-lang=\"es\"><p lang=\"es\" dir=\"ltr\">Este mi\u00e9rcoles, el gobernador de Oaxaca, <a href=\"https:\/\/twitter.com\/salomonj?ref_src=twsrc%5Etfw\">@salomonj<\/a>, presidi\u00f3 una ceremonia c\u00edvica en el monumento a la Independencia, Ciudad de M\u00e9xico, en el marco del mes patrio. <br>Aqu\u00ed parte de su mensaje: <a href=\"https:\/\/t.co\/dytZ7mBPsA\">pic.twitter.com\/dytZ7mBPsA<\/a><\/p>&mdash; Zona Roja Oaxaca (@ZonaRoja_Oaxaca) <a href=\"https:\/\/twitter.com\/ZonaRoja_Oaxaca\/status\/1833993379769692447?ref_src=twsrc%5Etfw\">11 de septiembre de 2024<\/a><\/blockquote><\/div>\n<\/div><\/figure>\n","protected":false},"excerpt":{"rendered":"<p>Redacci\u00f3n\/Zona Roja. Oaxaca de Ju\u00e1rez, Oax., a 11 de septiembre de 2024.- El gobernador de&hellip;<\/p>\n","protected":false},"author":2,"featured_media":72346,"comment_status":"closed","ping_status":"open","sticky":false,"template":"","format":"standard","meta":{"_lmt_disableupdate":"","_lmt_disable":"","_jetpack_memberships_contains_paid_content":false,"footnotes":""},"categories":[109,46],"tags":[939],"class_list":["post-72345","post","type-post","status-publish","format-standard","has-post-thumbnail","hentry","category-minuto-a-minuto","category-zona-blanca","tag-salomon-jara-cruz"],"jetpack_featured_media_url":"https:\/\/zonaroja.com.mx\/wp-content\/uploads\/2024\/09\/Salomon-Jara-homenaje-Cdmx.jpeg","jetpack_sharing_enabled":true,"_links":{"self":[{"href":"https:\/\/zonaroja.com.mx\/index.php?rest_route=\/wp\/v2\/posts\/72345","targetHints":{"allow":["GET"]}}],"collection":[{"href":"https:\/\/zonaroja.com.mx\/index.php?rest_route=\/wp\/v2\/posts"}],"about":[{"href":"https:\/\/zonaroja.com.mx\/index.php?rest_route=\/wp\/v2\/types\/post"}],"author":[{"embeddable":true,"href":"https:\/\/zonaroja.com.mx\/index.php?rest_route=\/wp\/v2\/users\/2"}],"replies":[{"embeddable":true,"href":"https:\/\/zonaroja.com.mx\/index.php?rest_route=%2Fwp%2Fv2%2Fcomments&post=72345"}],"version-history":[{"count":1,"href":"https:\/\/zonaroja.com.mx\/index.php?rest_route=\/wp\/v2\/posts\/72345\/revisions"}],"predecessor-version":[{"id":72347,"href":"https:\/\/zonaroja.com.mx\/index.php?rest_route=\/wp\/v2\/posts\/72345\/revisions\/72347"}],"wp:featuredmedia":[{"embeddable":true,"href":"https:\/\/zonaroja.com.mx\/index.php?rest_route=\/wp\/v2\/media\/72346"}],"wp:attachment":[{"href":"https:\/\/zonaroja.com.mx\/index.php?rest_route=%2Fwp%2Fv2%2Fmedia&parent=72345"}],"wp:term":[{"taxonomy":"category","embeddable":true,"href":"https:\/\/zonaroja.com.mx\/index.php?rest_route=%2Fwp%2Fv2%2Fcategories&post=72345"},{"taxonomy":"post_tag","embeddable":true,"href":"https:\/\/zonaroja.com.mx\/index.php?rest_route=%2Fwp%2Fv2%2Ftags&post=72345"}],"curies":[{"name":"wp","href":"https:\/\/api.w.org\/{rel}","templated":true}]}}