{"id":72348,"date":"2024-09-11T20:06:59","date_gmt":"2024-09-12T02:06:59","guid":{"rendered":"https:\/\/zonaroja.com.mx\/?p=72348"},"modified":"2024-09-11T20:07:00","modified_gmt":"2024-09-12T02:07:00","slug":"reciben-amlo-y-sheinbaum-a-dirigentes-de-la-cnte","status":"publish","type":"post","link":"https:\/\/zonaroja.com.mx\/?p=72348","title":{"rendered":"Reciben AMLO y Sheinbaum a dirigentes de la CNTE"},"content":{"rendered":"\n<p>Redacci\u00f3n\/Zona Roja Cdmx.<\/p>\n\n\n\n<p>Ciudad de M\u00e9xico, a 11 de septiembre de 2024.- Dirigentes de la Coordinadora Nacional de Trabajadores de la Educaci\u00f3n (CNTE) anunciaron el \u201cbanderazo de salida\u201d en la mesa de negociaci\u00f3n con el gobierno, que encabezar\u00e1 a partir del pr\u00f3ximo 1 de octubre, Claudia Sheinbaum.&nbsp;<\/p>\n\n\n\n<p>Aseguraron que en el encuentro, convocado en Palacio Nacional, el presidente Andr\u00e9s Manuel L\u00f3pez Obrador, \u201cse despidi\u00f3 y cedi\u00f3 la conducci\u00f3n de la mesa a la presidenta electa\u201d.<\/p>\n\n\n\n<p>En entrevista, tras concluir el encuentro que se prolong\u00f3 m\u00e1s de dos horas, el profesor Isa\u00edas Gonz\u00e1lez, secretario general de la secci\u00f3n 7 de Chiapas, inform\u00f3 que se abord\u00f3 una \u201cagenda m\u00ednima\u201d, pero adelant\u00f3 que \u201cse tiene el compromiso de una pr\u00f3xima reuni\u00f3n el 30 de octubre, ya con la presidenta constitucional donde vamos a profundizar en la agenda de temas\u201d.<\/p>\n\n\n\n<p>Agreg\u00f3 que una de las demandas centrales es que la desaparici\u00f3n de la Unidad para el Servicio de la Carrera de las Maestras y los Maestros (Usicamm) \u201cno quede solo en un cambio de nombre, queremos que los acuerdos se alcancen, pero que se concreten en acciones, porque no se trata de esperar otros seis a\u00f1os\u201d.<\/p>\n\n\n\n<p>Acompa\u00f1ado de los secretarios generales de la secci\u00f3n 22 de Oaxaca, Yenny Aracely P\u00e9rez; de la secci\u00f3n 14 de Guerrero, H\u00e9ctor Torres; la secci\u00f3n 18 de Michoac\u00e1n, Eva Hinojosa, y de la secci\u00f3n 9 de Ciudad de M\u00e9xico, Pedro Hern\u00e1ndez Morales, detall\u00f3 que tambi\u00e9n se acord\u00f3 una reuni\u00f3n con la pr\u00f3xima secretaria de Gobernaci\u00f3n, Rosa Isela Rodr\u00edguez, y un encuentro con el pr\u00f3ximo secretario de Educaci\u00f3n P\u00fablica, Mario Delgado, el 15 de octubre.<\/p>\n\n\n\n<p>Por la ma\u00f1ana, el presidente L\u00f3pez Obrador, se\u00f1al\u00f3 que pasar\u00eda la estafeta a su sucesora, Claudia Sheinbaum Pardo.<br>\u201cYo voy a introducir, porque estoy por terminar\u201d, se\u00f1al\u00f3 el mandatario durante la ma\u00f1anera, momentos antes de recibir a representantes de la Coordinadora Nacional de Trabajadores de la Educaci\u00f3n (CNTE) en Palacio Nacional, reuni\u00f3n a la que tambi\u00e9n asisti\u00f3 la presidenta electa.<\/p>\n\n\n\n<p>Coment\u00f3 que se tratar\u00edan temas ligados al inter\u00e9s del magisterio y de car\u00e1cter educativo. Se hablar\u00e1 \u201csobre educaci\u00f3n, la defensa de la educaci\u00f3n p\u00fablica, y lo vamos a hacer de manera conjunta. Yo voy a introducir, porque estoy por terminar (el sexenio), y va a estar la presidenta electa, nuestra pr\u00f3xima presidenta constitucional\u201d, indic\u00f3.<\/p>\n\n\n\n<p>Tras concluir la reuni\u00f3n poco antes de las 14:30 horas, los dirigentes de la CNTE se\u00f1alaron que \u201cvamos a seguir organizados, y en defensa de la educaci\u00f3n p\u00fablica, por lo que tambi\u00e9n anunciamos que vamos a solicitar nuevas plazas en diversos estados, donde hay maestros interinos con salarios raqu\u00edticos\u201d.<\/p>\n\n\n\n<p>Aseguraron que otro tema central es la democratizaci\u00f3n del Sindicato Nacional de Trabajadores de la Educaci\u00f3n (SNTE), por lo que hicieron entrega formal a la presidenta electa, Claudia Sheinbaum, de una \u201cdenuncia por las violaciones estatutarias al proceso de elecci\u00f3n de los comit\u00e9s delegacionales en la secci\u00f3n 9\u201d, programada para este jueves.<\/p>\n\n\n\n<p>En tanto, Sheinbaum se retir\u00f3 de Palacio Nacional sin hacer declaraciones sobre esta reuni\u00f3n. Tampoco habl\u00f3 al llegar a su casa de transici\u00f3n.<\/p>\n\n\n\n<p>(Informaci\u00f3n de \u201cLa Jornada\u201d)<\/p>\n","protected":false},"excerpt":{"rendered":"<p>Redacci\u00f3n\/Zona Roja Cdmx. Ciudad de M\u00e9xico, a 11 de septiembre de 2024.- Dirigentes de la&hellip;<\/p>\n","protected":false},"author":2,"featured_media":72349,"comment_status":"closed","ping_status":"open","sticky":false,"template":"","format":"standard","meta":{"_lmt_disableupdate":"","_lmt_disable":"","_jetpack_memberships_contains_paid_content":false,"footnotes":""},"categories":[109,46],"tags":[1283],"class_list":["post-72348","post","type-post","status-publish","format-standard","has-post-thumbnail","hentry","category-minuto-a-minuto","category-zona-blanca","tag-coordinadora-nacional-de-trabajadores-de-la-educacion-cnte"],"jetpack_featured_media_url":"https:\/\/zonaroja.com.mx\/wp-content\/uploads\/2024\/09\/dirigentes-de-cnte-ingresan-a-palacio-nacional-para-cita-con-amlo-y-sheinbaum-7879html-maestrospng-2123html-725e7ff6-b343-46ac-b063-c8f583dcf26f.pngljnimgndimagefullsize.webp","jetpack_sharing_enabled":true,"_links":{"self":[{"href":"https:\/\/zonaroja.com.mx\/index.php?rest_route=\/wp\/v2\/posts\/72348","targetHints":{"allow":["GET"]}}],"collection":[{"href":"https:\/\/zonaroja.com.mx\/index.php?rest_route=\/wp\/v2\/posts"}],"about":[{"href":"https:\/\/zonaroja.com.mx\/index.php?rest_route=\/wp\/v2\/types\/post"}],"author":[{"embeddable":true,"href":"https:\/\/zonaroja.com.mx\/index.php?rest_route=\/wp\/v2\/users\/2"}],"replies":[{"embeddable":true,"href":"https:\/\/zonaroja.com.mx\/index.php?rest_route=%2Fwp%2Fv2%2Fcomments&post=72348"}],"version-history":[{"count":1,"href":"https:\/\/zonaroja.com.mx\/index.php?rest_route=\/wp\/v2\/posts\/72348\/revisions"}],"predecessor-version":[{"id":72350,"href":"https:\/\/zonaroja.com.mx\/index.php?rest_route=\/wp\/v2\/posts\/72348\/revisions\/72350"}],"wp:featuredmedia":[{"embeddable":true,"href":"https:\/\/zonaroja.com.mx\/index.php?rest_route=\/wp\/v2\/media\/72349"}],"wp:attachment":[{"href":"https:\/\/zonaroja.com.mx\/index.php?rest_route=%2Fwp%2Fv2%2Fmedia&parent=72348"}],"wp:term":[{"taxonomy":"category","embeddable":true,"href":"https:\/\/zonaroja.com.mx\/index.php?rest_route=%2Fwp%2Fv2%2Fcategories&post=72348"},{"taxonomy":"post_tag","embeddable":true,"href":"https:\/\/zonaroja.com.mx\/index.php?rest_route=%2Fwp%2Fv2%2Ftags&post=72348"}],"curies":[{"name":"wp","href":"https:\/\/api.w.org\/{rel}","templated":true}]}}