{"id":72351,"date":"2024-09-12T07:17:08","date_gmt":"2024-09-12T13:17:08","guid":{"rendered":"https:\/\/zonaroja.com.mx\/?p=72351"},"modified":"2024-09-12T07:17:10","modified_gmt":"2024-09-12T13:17:10","slug":"avala-mayoria-de-los-congresos-locales-reforma-judicial-ya-es-constitucional","status":"publish","type":"post","link":"https:\/\/zonaroja.com.mx\/?p=72351","title":{"rendered":"Avala mayor\u00eda de los Congresos locales reforma judicial; ya es constitucional"},"content":{"rendered":"\n<p>Redacci\u00f3n\/Zona Roja Cdmx.<\/p>\n\n\n\n<p>Ciudad de M\u00e9xico, a 12 de septiembre de 2024.- A menos de 24 horas de la aprobaci\u00f3n de la reforma judicial en el Senado de la Rep\u00fablica, esta ya ha sido procesada y avalada en al menos 17 congresos estatales.<\/p>\n\n\n\n<p>Tras la aprobaci\u00f3n por mayor\u00eda calificada en la C\u00e1mara Alta federal y la C\u00e1mara de Diputados, al menos 17 legislaturas locales deben avalar la iniciativa para que pueda ser oficializada por el Ejecutivo federal.<\/p>\n\n\n\n<p>El Congreso de Oaxaca fue el primero en aprobar la iniciativa, al llamar a una sesi\u00f3n extraordinaria en la que la minuta se aval\u00f3 por unanimidad. El voto a favor de Natividad D\u00edaz&nbsp;le vali\u00f3 su expulsi\u00f3n del Partido Acci\u00f3n Nacional.<\/p>\n\n\n\n<p>En Colima, la iniciativa se aval\u00f3 en la Legislatura local con 18 votos en pro y cinco en contra, esto en medio de protestas.<\/p>\n\n\n\n<p>El Congreso de Tabasco convoc\u00f3 a sesi\u00f3n extraordinaria para discutir la reforma para elegir por voto popular a los jueces, misma que se aprob\u00f3 con 24 votos a favor.<\/p>\n\n\n\n<p>En Veracruz, la iniciativa se aprob\u00f3 en el Congreso local con 32 votos a favor y 11 en contra.<\/p>\n\n\n\n<p>El Congreso de Quintana Roo fue otro de los que aprob\u00f3 la reforma judicial horas despu\u00e9s de su aval en el Senado de la Rep\u00fablica.<\/p>\n\n\n\n<p>Entre protestas, el Congreso de Baja California Sur convoc\u00f3 a sesi\u00f3n extraordinaria para aprobar la iniciativa, que recibi\u00f3 19 votos a favor y dos en contra.<\/p>\n\n\n\n<p>En la Legislatura de Yucat\u00e1n, la iniciativa recibi\u00f3 16 votos a favor y 12 en contra entre cr\u00edticas de la oposici\u00f3n por el tiempo que dur\u00f3 el proceso.<\/p>\n\n\n\n<p>En Nayarit, las instalaciones del Poder Legislativo fueron tomadas por manifestantes, por lo que los diputados locales continuaron la sesi\u00f3n de manera virtual. La reforma al Poder Judicial se aprob\u00f3 con 24 votos a favor y seis en contra.<\/p>\n\n\n\n<p>El Congreso de Baja California convoc\u00f3 a sesi\u00f3n extraordinaria virtual y aprob\u00f3 el proyecto de decreto con 20 votos a favor, cinco en contra y cero abstenciones.<\/p>\n\n\n\n<p>En Durango, los diputados locales del Partido Revolucionario Institucional (PRI) le dieron a Morena y al PVEM la mayor\u00eda necesaria para aprobar la iniciativa, que recibi\u00f3 19 sufragios en pro. En contra votaron solamente cinco legisladores del PAN y uno de Movimiento Ciudadano.<\/p>\n\n\n\n<p>El Congreso de Puebla aprob\u00f3 la reforma judicial con 28 votos a favor y 10 en contra.<\/p>\n\n\n\n<p>En el estado de Sinaloa, el Congreso estatal aprob\u00f3 la iniciativa con 31 votos en pro y solamente uno en contra.<\/p>\n\n\n\n<p>El Poder Legislativo de Campeche aprob\u00f3 la reforma judicial con 22 votos a favor, cinco en contra y ninguna abstenci\u00f3n.<\/p>\n\n\n\n<p>El Congreso de Tlaxcala aprob\u00f3 en sesi\u00f3n extraordinaria p\u00fablica la reforma al Poder Judicial con 21 votos a favor y cinco en contra.<\/p>\n\n\n\n<p>Con 14 votos a favor y seis en contra, la iniciativa se aprob\u00f3 en el Pleno del Congreso de Morelos. Los m\u00e1s recientes avales se dieron en el estado de Guerrero y en Quintana Roo.<\/p>\n\n\n\n<p>La&nbsp;reforma al Poder Judicial&nbsp;modifica 18 art\u00edculos, adiciona seis y deroga diversas fracciones de cinco art\u00edculos de la Constituci\u00f3n.<\/p>\n\n\n\n<p>Establece la&nbsp;elecci\u00f3n por voto popular&nbsp;de jueces, magistrados y ministros, adem\u00e1s de que&nbsp;reduce&nbsp;a nueve el n\u00famero de integrantes de la&nbsp;Suprema Corte de Justicia de la Naci\u00f3n&nbsp;y acorta su periodo de encargo de 15 a 12 a\u00f1os.<\/p>\n\n\n\n<p>La renovaci\u00f3n del Poder Judicial deber\u00e1 concluir en las elecciones de 2027.<\/p>\n\n\n\n<p>(Con informaci\u00f3n de L\u00f3pez-D\u00f3riga Digital)<\/p>\n","protected":false},"excerpt":{"rendered":"<p>Redacci\u00f3n\/Zona Roja Cdmx. Ciudad de M\u00e9xico, a 12 de septiembre de 2024.- A menos de&hellip;<\/p>\n","protected":false},"author":2,"featured_media":72352,"comment_status":"closed","ping_status":"open","sticky":false,"template":"","format":"standard","meta":{"_lmt_disableupdate":"","_lmt_disable":"","_jetpack_memberships_contains_paid_content":false,"footnotes":""},"categories":[109,46],"tags":[4027],"class_list":["post-72351","post","type-post","status-publish","format-standard","has-post-thumbnail","hentry","category-minuto-a-minuto","category-zona-blanca","tag-reforma-al-poder-judicial"],"jetpack_featured_media_url":"https:\/\/zonaroja.com.mx\/wp-content\/uploads\/2024\/09\/Reforma-al-Poder-Judicial.avif","jetpack_sharing_enabled":true,"_links":{"self":[{"href":"https:\/\/zonaroja.com.mx\/index.php?rest_route=\/wp\/v2\/posts\/72351","targetHints":{"allow":["GET"]}}],"collection":[{"href":"https:\/\/zonaroja.com.mx\/index.php?rest_route=\/wp\/v2\/posts"}],"about":[{"href":"https:\/\/zonaroja.com.mx\/index.php?rest_route=\/wp\/v2\/types\/post"}],"author":[{"embeddable":true,"href":"https:\/\/zonaroja.com.mx\/index.php?rest_route=\/wp\/v2\/users\/2"}],"replies":[{"embeddable":true,"href":"https:\/\/zonaroja.com.mx\/index.php?rest_route=%2Fwp%2Fv2%2Fcomments&post=72351"}],"version-history":[{"count":1,"href":"https:\/\/zonaroja.com.mx\/index.php?rest_route=\/wp\/v2\/posts\/72351\/revisions"}],"predecessor-version":[{"id":72353,"href":"https:\/\/zonaroja.com.mx\/index.php?rest_route=\/wp\/v2\/posts\/72351\/revisions\/72353"}],"wp:featuredmedia":[{"embeddable":true,"href":"https:\/\/zonaroja.com.mx\/index.php?rest_route=\/wp\/v2\/media\/72352"}],"wp:attachment":[{"href":"https:\/\/zonaroja.com.mx\/index.php?rest_route=%2Fwp%2Fv2%2Fmedia&parent=72351"}],"wp:term":[{"taxonomy":"category","embeddable":true,"href":"https:\/\/zonaroja.com.mx\/index.php?rest_route=%2Fwp%2Fv2%2Fcategories&post=72351"},{"taxonomy":"post_tag","embeddable":true,"href":"https:\/\/zonaroja.com.mx\/index.php?rest_route=%2Fwp%2Fv2%2Ftags&post=72351"}],"curies":[{"name":"wp","href":"https:\/\/api.w.org\/{rel}","templated":true}]}}