{"id":72378,"date":"2024-09-12T20:32:47","date_gmt":"2024-09-13T02:32:47","guid":{"rendered":"https:\/\/zonaroja.com.mx\/?p=72378"},"modified":"2024-09-12T21:30:53","modified_gmt":"2024-09-13T03:30:53","slug":"periodista-oaxaqueno-exige-a-activista-markoa-vasquez-aclarar-acusaciones","status":"publish","type":"post","link":"https:\/\/zonaroja.com.mx\/?p=72378","title":{"rendered":"Periodista oaxaque\u00f1o exige a activista Markoa V\u00e1squez aclarar acusaciones"},"content":{"rendered":"\n<p>Ismael Garc\u00eda M.\/Zona Roja.<\/p>\n\n\n\n<p>Oaxaca de Ju\u00e1rez, Oax., a 12 de septiembre de 2024.- El periodista oaxaque\u00f1o Miguel \u00c1ngel Luna L\u00f3pez exigi\u00f3 al activista y artista pl\u00e1stico Markoa V\u00e1squez aclarar los se\u00f1alamientos en su contra, hechos en una transmisi\u00f3n en vivo durante una protesta de colonos.<\/p>\n\n\n\n<p>Fue ayer en que el comunicador transmit\u00eda la queja de vecinos por la presunta destrucci\u00f3n del monumento a la Madre, azuzados por Markoa V\u00e1squez, quien se encontraba negociando con el coordinador de Delegados de Paz, Donato Vargas, cuando fue acusado de ser polic\u00eda.<\/p>\n\n\n\n<p>Aqu\u00ed el texto \u00edntegro de la carta:<\/p>\n\n\n\n<p>El que suscribe, Miguel \u00c1ngel Luna L\u00f3pez, de oficio reportero por m\u00e1s de 20 a\u00f1os, oaxaque\u00f1o que ha servido a la sociedad a trav\u00e9s de los medios de comunicaci\u00f3n en los que he colaborado para informar los acontecimientos diarios en Oaxaca, me dirijo al artista pl\u00e1stico y activista social Markoa V\u00e1squez, para que compruebe su dicho de que un servidor es \u00abpolic\u00eda infiltrado\u00bb, o de lo contrario que haga una disculpa p\u00fablica para aclarar esta situaci\u00f3n.<\/p>\n\n\n\n<p>Desconozco el motivo por el cual se expres\u00f3 de esa manera; ser polic\u00eda es un trabajo honrado, pero si se utiliza como medio de investigaci\u00f3n pol\u00edtica o ejecutora, los responsables deben de ser castigados.<\/p>\n\n\n\n<p>En Oaxaca, M\u00e9xico y el mundo la actividad de ser comunicador es de mucho riesgo, en nuestra entidad en diferentes \u00e9pocas los reporteros y periodistas de diferentes especialidades han sido v\u00edctimas de personas del sector p\u00fablico, privado, sindicalista, de aquellos que se dicen del \u00abmovimiento social\u00bb, excediendo su odio en sus palabras, y en algunos casos en acciones se llega a la agresi\u00f3n, incluso provocar la p\u00e9rdida de la vida.<\/p>\n\n\n\n<p>Los comunicadores sabemos del riesgo que corremos en los problemas sociales y conflictos que llegan a polarizarse por la falta de entendimiento entre los involucrados; en algunas ocasiones por la ineficiencia de funcionarios de los tres niveles de gobierno, pero nuestra misi\u00f3n es decir lo que est\u00e1 pasando.<\/p>\n\n\n\n<p>Aprovecho este espacio para pedir a la Fiscal\u00eda General del Estado de Oaxaca ejerza acci\u00f3n por las agresiones y da\u00f1os que sufr\u00ed por normalistas hace unos a\u00f1os; sumando los casos de compa\u00f1eros que por su trabajo han recibido amenazas y otros lamentablemente fueron v\u00edctimas de mentes y manos perversas que les quitaron la vida.<\/p>\n\n\n\n<p>Agradezco a los compa\u00f1eros de los diferentes medios de comunicaci\u00f3n por su apoyo y confianza demostrada en todo momento.<\/p>\n\n\n\n<p>Respetuosamente&nbsp;<\/p>\n\n\n\n<p>Miguel \u00c1ngel Luna L\u00f3pez&nbsp;<\/p>\n\n\n\n<p>Reportero<\/p>\n","protected":false},"excerpt":{"rendered":"<p>Ismael Garc\u00eda M.\/Zona Roja. Oaxaca de Ju\u00e1rez, Oax., a 12 de septiembre de 2024.- El&hellip;<\/p>\n","protected":false},"author":2,"featured_media":72379,"comment_status":"closed","ping_status":"open","sticky":false,"template":"","format":"standard","meta":{"_lmt_disableupdate":"","_lmt_disable":"","_jetpack_memberships_contains_paid_content":false,"footnotes":""},"categories":[109,47],"tags":[3063,1966,4067],"class_list":["post-72378","post","type-post","status-publish","format-standard","has-post-thumbnail","hentry","category-minuto-a-minuto","category-zona-gris","tag-periodismo-en-riesgo-oaxaca","tag-markoa-vasquez","tag-miguel-angel-luna"],"jetpack_featured_media_url":"https:\/\/zonaroja.com.mx\/wp-content\/uploads\/2024\/09\/Markoa-Vasquez.jpg","jetpack_sharing_enabled":true,"_links":{"self":[{"href":"https:\/\/zonaroja.com.mx\/index.php?rest_route=\/wp\/v2\/posts\/72378","targetHints":{"allow":["GET"]}}],"collection":[{"href":"https:\/\/zonaroja.com.mx\/index.php?rest_route=\/wp\/v2\/posts"}],"about":[{"href":"https:\/\/zonaroja.com.mx\/index.php?rest_route=\/wp\/v2\/types\/post"}],"author":[{"embeddable":true,"href":"https:\/\/zonaroja.com.mx\/index.php?rest_route=\/wp\/v2\/users\/2"}],"replies":[{"embeddable":true,"href":"https:\/\/zonaroja.com.mx\/index.php?rest_route=%2Fwp%2Fv2%2Fcomments&post=72378"}],"version-history":[{"count":2,"href":"https:\/\/zonaroja.com.mx\/index.php?rest_route=\/wp\/v2\/posts\/72378\/revisions"}],"predecessor-version":[{"id":72382,"href":"https:\/\/zonaroja.com.mx\/index.php?rest_route=\/wp\/v2\/posts\/72378\/revisions\/72382"}],"wp:featuredmedia":[{"embeddable":true,"href":"https:\/\/zonaroja.com.mx\/index.php?rest_route=\/wp\/v2\/media\/72379"}],"wp:attachment":[{"href":"https:\/\/zonaroja.com.mx\/index.php?rest_route=%2Fwp%2Fv2%2Fmedia&parent=72378"}],"wp:term":[{"taxonomy":"category","embeddable":true,"href":"https:\/\/zonaroja.com.mx\/index.php?rest_route=%2Fwp%2Fv2%2Fcategories&post=72378"},{"taxonomy":"post_tag","embeddable":true,"href":"https:\/\/zonaroja.com.mx\/index.php?rest_route=%2Fwp%2Fv2%2Ftags&post=72378"}],"curies":[{"name":"wp","href":"https:\/\/api.w.org\/{rel}","templated":true}]}}