{"id":7238,"date":"2020-01-03T07:59:33","date_gmt":"2020-01-03T13:59:33","guid":{"rendered":"https:\/\/www.zonaroja.com.mx\/?p=7238"},"modified":"2020-01-03T07:59:36","modified_gmt":"2020-01-03T13:59:36","slug":"matan-a-golpes-a-elemento-de-la-policia-estatal-en-el-istmo","status":"publish","type":"post","link":"https:\/\/zonaroja.com.mx\/?p=7238","title":{"rendered":"Matan a golpes a elemento de la Polic\u00eda Estatal en el Istmo"},"content":{"rendered":"\n<p class=\"MsoNormal\">Redacci\u00f3n\/Zona Roja.<\/p>\n\n\n\n<p class=\"MsoNormal\">Oaxaca de Ju\u00e1rez, Oax., 3 de enero de 2020.- En el D\u00eda Internacional del Polic\u00eda, un uniformado adscrito a la Secretar\u00eda de Seguridad P\u00fablica de Oaxaca (SSPO) falleci\u00f3 ayer tras ser golpeado por sujetos desconocidos, en el municipio de Mat\u00edas Romero Avenda\u00f1o.<\/p>\n\n\n\n<p class=\"MsoNormal\">Seg\u00fan los reportes de corporaciones de seguridad p\u00fablica, el integrante de la Polic\u00eda Estatal, quien antes se desempe\u00f1\u00f3 miembro de la Polic\u00eda Auxiliar, Bancaria, Industrial y Comercal, fue atacado la noche del 1 de enero en la calle Ni\u00f1os H\u00e9roes de la colonia Rinc\u00f3n Viejo, de dicho municipio ubicado al norte de la regi\u00f3n del Istmo de Tehuantepec.<\/p>\n\n\n\n<p class=\"MsoNormal\">Tras ello fue canalizado al hospital rural del IMSS en Mat\u00ecas Romero, donde ayer se report\u00f3 que perdi\u00f3 la vida debido a las severas lesiones. Hasta el momento no hay personas detenidas por este caso.<\/p>\n\n\n\n<p class=\"MsoNormal\">Por otra parte, la noche de ayer jueves, un individuo fue asaltado y golpeado en el centro de la ciudad de Oaxaca.<\/p>\n\n\n\n<p class=\"MsoNormal\">Seg\u00fan los informes, fue en el estacionamiento del hotel \u201cPlaza\u201d, ubicado en la calle de Galeana esquina con Las Casas, donde un ingeniero fue atacado por sujetos armados, quienes tras dispararle, le arrebataron 800 mil pesos que ten\u00eda en su unidad de motor; los sujetos se dieron de inmediato a la fuga.<\/p>\n","protected":false},"excerpt":{"rendered":"<p>Redacci\u00f3n\/Zona Roja. Oaxaca de Ju\u00e1rez, Oax., 3 de enero de 2020.- En el D\u00eda Internacional&hellip;<\/p>\n","protected":false},"author":2,"featured_media":7237,"comment_status":"closed","ping_status":"open","sticky":false,"template":"","format":"standard","meta":{"_lmt_disableupdate":"","_lmt_disable":"","_jetpack_memberships_contains_paid_content":false,"footnotes":""},"categories":[109,51],"tags":[228],"class_list":["post-7238","post","type-post","status-publish","format-standard","has-post-thumbnail","hentry","category-minuto-a-minuto","category-zona-roja","tag-matias-romero-avendano"],"jetpack_featured_media_url":"https:\/\/zonaroja.com.mx\/wp-content\/uploads\/2020\/01\/3b5ba564-d2d1-42c5-b155-1938f85a13d6.jpg","jetpack_sharing_enabled":true,"_links":{"self":[{"href":"https:\/\/zonaroja.com.mx\/index.php?rest_route=\/wp\/v2\/posts\/7238","targetHints":{"allow":["GET"]}}],"collection":[{"href":"https:\/\/zonaroja.com.mx\/index.php?rest_route=\/wp\/v2\/posts"}],"about":[{"href":"https:\/\/zonaroja.com.mx\/index.php?rest_route=\/wp\/v2\/types\/post"}],"author":[{"embeddable":true,"href":"https:\/\/zonaroja.com.mx\/index.php?rest_route=\/wp\/v2\/users\/2"}],"replies":[{"embeddable":true,"href":"https:\/\/zonaroja.com.mx\/index.php?rest_route=%2Fwp%2Fv2%2Fcomments&post=7238"}],"version-history":[{"count":1,"href":"https:\/\/zonaroja.com.mx\/index.php?rest_route=\/wp\/v2\/posts\/7238\/revisions"}],"predecessor-version":[{"id":7239,"href":"https:\/\/zonaroja.com.mx\/index.php?rest_route=\/wp\/v2\/posts\/7238\/revisions\/7239"}],"wp:featuredmedia":[{"embeddable":true,"href":"https:\/\/zonaroja.com.mx\/index.php?rest_route=\/wp\/v2\/media\/7237"}],"wp:attachment":[{"href":"https:\/\/zonaroja.com.mx\/index.php?rest_route=%2Fwp%2Fv2%2Fmedia&parent=7238"}],"wp:term":[{"taxonomy":"category","embeddable":true,"href":"https:\/\/zonaroja.com.mx\/index.php?rest_route=%2Fwp%2Fv2%2Fcategories&post=7238"},{"taxonomy":"post_tag","embeddable":true,"href":"https:\/\/zonaroja.com.mx\/index.php?rest_route=%2Fwp%2Fv2%2Ftags&post=7238"}],"curies":[{"name":"wp","href":"https:\/\/api.w.org\/{rel}","templated":true}]}}