{"id":72383,"date":"2024-09-12T21:35:58","date_gmt":"2024-09-13T03:35:58","guid":{"rendered":"https:\/\/zonaroja.com.mx\/?p=72383"},"modified":"2024-09-12T21:36:00","modified_gmt":"2024-09-13T03:36:00","slug":"opinion-quien-jalo-el-gatillo","status":"publish","type":"post","link":"https:\/\/zonaroja.com.mx\/?p=72383","title":{"rendered":"Opini\u00f3n. \u00bfQui\u00e9n jal\u00f3 el gatillo?"},"content":{"rendered":"\n<p>N\u00e9stor Y. S\u00e1nchez Islas.<\/p>\n\n\n\n<p>La muerte de un joven a manos de la polic\u00eda de Santa Luc\u00eda del Camino cimbr\u00f3 a Oaxaca. Nadie qued\u00f3 indiferente ante la tragedia, la polarizaci\u00f3n apareci\u00f3 de inmediato entre quienes justifican a los polic\u00edas y quienes defienden la memoria del estudiante.<\/p>\n\n\n\n<p>Hay hechos incontrovertibles. Un joven muerto y dos polic\u00edas heridos, pero ahora, ante la muerte, no son las ocurrencias las que deber\u00edan ocuparnos, sino la&nbsp;oportunidad&nbsp;de&nbsp;reflexionar:<\/p>\n\n\n\n<p>\u00bfPara&nbsp;qu\u00e9&nbsp;sirven&nbsp;los operativos alcohol\u00edmetro? En primera instancia deber\u00edan servir para salvar vidas, pero no. La realidad es que son fuente de ingresos&nbsp;para los&nbsp;funcionarios&nbsp;municipales, las&nbsp;mafias&nbsp;de las gr\u00faas y los bolsillos de algunos uniformados corruptos. \u00bfVale la pena morir o matar por eso?&nbsp;<\/p>\n\n\n\n<p>Un operativo pensando en el bienestar social deber\u00eda bajar al conductor y ponerlo en un taxi si no ha cometido faltas y, su veh\u00edculo dejar que alg\u00fan amigo o familiar lo lleve a su casa.&nbsp;<\/p>\n\n\n\n<p>Pero no, se trata de&nbsp;extorsionar; imagino el terror del joven&nbsp;al&nbsp;ser detenido no por una polic\u00eda cualquiera, sino precisamente por la abusiva&nbsp;y&nbsp;brutal&nbsp;polic\u00eda de Santa Luc\u00eda del Camino.<\/p>\n\n\n\n<p>\u00bfPara que sirven los diputados? Deber\u00edan legislar para regular la actuaci\u00f3n de las polic\u00edas municipales que, en Oaxaca,&nbsp;son la principal fuente de abusos a los Derechos Humanos.&nbsp;<\/p>\n\n\n\n<p>Hubo hace unos meses una racha de muertes&nbsp;en celdas municipales&nbsp;a manos de diferentes corporaciones que ya quedaron en el olvido y, probablemente, en la impunidad.&nbsp;<\/p>\n\n\n\n<p>La mal llamada autonom\u00eda municipal aderezada por el mal uso de los \u201cusos y costumbres\u201d son la principal fuente de violaci\u00f3n a derechos, pero los diputados prefieren llevar flores a su mes\u00edas que atender estos&nbsp;problemas que, en este caso extremo, provocaron un asesinato.<\/p>\n\n\n\n<p>\u00bfPara&nbsp;qu\u00e9&nbsp;sirve el Ejecutivo? Para tratar de tapar el pozo una vez que el ni\u00f1o se ahog\u00f3, para politizar la situaci\u00f3n o proteger con impunidad a sus amigos y simpatizantes.&nbsp;<\/p>\n\n\n\n<p>Tuvo que morir un joven para que abrieran los ojos a&nbsp;los miles&nbsp;de quejas sobre los abusos policiacos&nbsp;porque, dado el buen negocio que esos operativos resultan, es mejor hacerse de la vista gorda y dar tiempo para que el asunto quede en el olvido.<\/p>\n\n\n\n<p>Las polic\u00edas municipales de la zona metropolitana de la ciudad de Oaxaca son abusivas, violadoras de derechos humanos y, en muchos casos, corruptas: Xoxocotl\u00e1n, San Jacinto Amilpas, Santa Cruz Amilpas, Huay\u00e1pam y, la reina de todas, la de Santa Luc\u00eda del Camino que va a la par de la polic\u00eda vial estatal.&nbsp;Deber\u00eda legislarse un mando \u00fanico&nbsp;como&nbsp;una soluci\u00f3n.<\/p>\n\n\n\n<p>La polarizaci\u00f3n se agudiz\u00f3&nbsp;en las redes&nbsp;cuando se supo que los padres del joven son miembros de la Secci\u00f3n 22, una mafia sindical acostumbrada&nbsp;a actuar en grupo, utilizando la violencia, la prepotencia y&nbsp;obteniendo impunidad en todos los casos,&nbsp;a\u00fan para aquellos&nbsp;afiliados&nbsp;que han formado de parte de bandas de secuestradores y que por presiones pol\u00edticas han sido liberados, como&nbsp;lo fueron los maestros secuestradores de los ni\u00f1os Candiani.<\/p>\n\n\n\n<p>La tragedia que viven las familias de las v\u00edctimas debe llevarnos a una reflexi\u00f3n, individual y colectiva. \u00bfQu\u00e9 llev\u00f3 al joven a atropellar a los polic\u00edas y qu\u00e9 llev\u00f3 a uno de ellos a jalar el gatillo? Lo que pudo haber sido una falta administrativa se convirti\u00f3 en un&nbsp;crimen, por eso es importante&nbsp;hacerlo.<\/p>\n\n\n\n<p>El tejido social est\u00e1 roto y nos hemos vuelto an\u00e1rquicos y violentos. No respetamos a la autoridad, y mucho menos a la polic\u00eda. Nuestra percepci\u00f3n es que el Estado mexicano&nbsp;perdi\u00f3 toda legitimidad para el uso de la fuerza a partir de la matanza de Tlatelolco de 1968,&nbsp;y esto ha sido aprovechado por&nbsp;grupos de&nbsp;izquierda para hacernos creer en su superioridad moral, manipulando la situaci\u00f3n siempre a su favor.<\/p>\n\n\n\n<p>Vivimos&nbsp;un ambiente&nbsp;de&nbsp;violencia cotidiana en todas las realidades, la virtual y la real.&nbsp;El narco,&nbsp;en todas sus advocaciones ya sea como pol\u00edtico,&nbsp;empresario&nbsp;o artistallena el vac\u00edo dejado por la ausencia de valores;&nbsp;valores que la izquierda combati\u00f3 por considerarlos burgueses.&nbsp;<\/p>\n\n\n\n<p>Videojuegos, series&nbsp;de Tv&nbsp;y pel\u00edculas de violencia&nbsp;extrema, de j\u00f3venes audaces y temerarios que siempre&nbsp;se salen con la suya&nbsp;o de polic\u00edas o soldados colmados de s\u00faper poderes&nbsp;y armamento&nbsp;pesado.<\/p>\n\n\n\n<p>El ambiente deformado y de valores torcidos cobran vidas y es necesario volver a vivir dentro de un marco de obligaciones, derechos y responsabilidades que aceptemos de manera voluntaria.&nbsp;<\/p>\n\n\n\n<p>Tenemos que lograr que la polic\u00eda deje de usar la fuerza&nbsp;letal&nbsp;incumpliendo la ley, y que quienes la infringen rindan cuentas, sobre todo los funcionarios.<\/p>\n\n\n\n<p>\u00bfQui\u00e9n jal\u00f3 el gatillo? \u00bfFue solo el polic\u00eda, el presidente municipal que autoriza los operativos,&nbsp;funcionarios estatales corruptos&nbsp;o las circunstancias de esa demarcaci\u00f3n&nbsp;famosa&nbsp;por la cantidad de antros,&nbsp;de droga que circula&nbsp;y de la presencia del crimen organizado?&nbsp;<\/p>\n\n\n\n<p>\u00bfPor qu\u00e9 la Fiscal\u00eda no ha mostrado los videos?&nbsp;Debe haber una investigaci\u00f3n seria, desde la conducta del joven hasta la cadena de mando de la brutalidad policiaca.<\/p>\n\n\n\n<p><a href=\"mailto:nestoryuri@yahoo.com\">nestoryuri@yahoo.com<\/a><\/p>\n","protected":false},"excerpt":{"rendered":"<p>N\u00e9stor Y. S\u00e1nchez Islas. La muerte de un joven a manos de la polic\u00eda de&hellip;<\/p>\n","protected":false},"author":2,"featured_media":67897,"comment_status":"closed","ping_status":"open","sticky":false,"template":"","format":"standard","meta":{"_lmt_disableupdate":"","_lmt_disable":"","_jetpack_memberships_contains_paid_content":false,"footnotes":""},"categories":[456,109],"tags":[3050],"class_list":["post-72383","post","type-post","status-publish","format-standard","has-post-thumbnail","hentry","category-columna","category-minuto-a-minuto","tag-nestor-yuri-sanchez"],"jetpack_featured_media_url":"https:\/\/zonaroja.com.mx\/wp-content\/uploads\/2024\/05\/Opinion-Nestor-Yuri-Sanchez.jpeg","jetpack_sharing_enabled":true,"_links":{"self":[{"href":"https:\/\/zonaroja.com.mx\/index.php?rest_route=\/wp\/v2\/posts\/72383","targetHints":{"allow":["GET"]}}],"collection":[{"href":"https:\/\/zonaroja.com.mx\/index.php?rest_route=\/wp\/v2\/posts"}],"about":[{"href":"https:\/\/zonaroja.com.mx\/index.php?rest_route=\/wp\/v2\/types\/post"}],"author":[{"embeddable":true,"href":"https:\/\/zonaroja.com.mx\/index.php?rest_route=\/wp\/v2\/users\/2"}],"replies":[{"embeddable":true,"href":"https:\/\/zonaroja.com.mx\/index.php?rest_route=%2Fwp%2Fv2%2Fcomments&post=72383"}],"version-history":[{"count":1,"href":"https:\/\/zonaroja.com.mx\/index.php?rest_route=\/wp\/v2\/posts\/72383\/revisions"}],"predecessor-version":[{"id":72384,"href":"https:\/\/zonaroja.com.mx\/index.php?rest_route=\/wp\/v2\/posts\/72383\/revisions\/72384"}],"wp:featuredmedia":[{"embeddable":true,"href":"https:\/\/zonaroja.com.mx\/index.php?rest_route=\/wp\/v2\/media\/67897"}],"wp:attachment":[{"href":"https:\/\/zonaroja.com.mx\/index.php?rest_route=%2Fwp%2Fv2%2Fmedia&parent=72383"}],"wp:term":[{"taxonomy":"category","embeddable":true,"href":"https:\/\/zonaroja.com.mx\/index.php?rest_route=%2Fwp%2Fv2%2Fcategories&post=72383"},{"taxonomy":"post_tag","embeddable":true,"href":"https:\/\/zonaroja.com.mx\/index.php?rest_route=%2Fwp%2Fv2%2Ftags&post=72383"}],"curies":[{"name":"wp","href":"https:\/\/api.w.org\/{rel}","templated":true}]}}