{"id":72388,"date":"2024-09-13T08:11:00","date_gmt":"2024-09-13T14:11:00","guid":{"rendered":"https:\/\/zonaroja.com.mx\/?p=72388"},"modified":"2024-09-13T07:14:17","modified_gmt":"2024-09-13T13:14:17","slug":"terror-de-narcoviolencia-en-sinaloa-12-muertos-y-destruccion","status":"publish","type":"post","link":"https:\/\/zonaroja.com.mx\/?p=72388","title":{"rendered":"Terror de narcoviolencia en Sinaloa: 12 muertos y destrucci\u00f3n"},"content":{"rendered":"\n<p>Redacci\u00f3n\/Zona Roja Cdmx.<\/p>\n\n\n\n<p>Ciudad de M\u00e9xico, a 13 de septiembre de 2024.- La Fiscal\u00eda General del Estado de Sinaloa inform\u00f3 que 12 personas han sido asesinadas durante cuatro d\u00edas de violencia en la ciudad de Culiac\u00e1n, provocada por la disputa entre facciones del C\u00e1rtel de Sinaloa, la de Ismael Zambada Sicairos, alias de \u201cEl Mayito Flaco\u201d, contra la de los hijos de Joaqu\u00edn \u201cEl Chapo\u201d Guzm\u00e1n, \u201cLos Chapitos\u201d.<\/p>\n\n\n\n<p>La fiscal del estado, Claudia Zulema S\u00e1nchez Kondo, indic\u00f3 en un comunicado que este jueves 12 de septiembre, con corte a las 15:00 horas, se recibieron tres denuncias por homicidio doloso y una por el delito de lesiones dolosas. Adem\u00e1s de ocho por robo de veh\u00edculo y seis por privaci\u00f3n de la libertad personal.<\/p>\n\n\n\n<p>La fiscal detall\u00f3 que todos los casos por homicidio fueron por disparos de arma de fuego.<\/p>\n\n\n\n<p>\u201cLos homicidios dolosos registrados en la zona centro del estado desde el pasado lunes 9 hasta este jueves 12 de septiembre, se tienen registradas 11 carpetas de investigaci\u00f3n con 12 v\u00edctimas del sexo masculino, de los cuales se han identificado y entregado a sus familiares ocho v\u00edctimas y cuatro permanecen sin identificar\u201d, se lee en el comunicado.<\/p>\n\n\n\n<p>La Fiscal\u00eda de Sinaloa se\u00f1al\u00f3 que tambi\u00e9n se han reportado 11 personas lesionadas por disparos de arma de fuego, de las cuales, nueve son hombres y dos son mujeres.<\/p>\n\n\n\n<p>En el caso personas desaparecidas se tiene el registro de 20 denuncias presentadas por familiares, de las cuales tres corresponden al municipio de Guasave, tres a Mazatl\u00e1n y 14 a Culiac\u00e1n. En tanto, en el robo de veh\u00edculos, se tienen 31 carpetas de investigaci\u00f3n abiertas.<\/p>\n\n\n\n<p>Por cuarto d\u00eda consecutivo, la ciudad de Culiac\u00e1n ha sido testigo de diferentes actos violentos por sicarios de ambas facciones que se declararon la guerra el pasado 9 de septiembre.<\/p>\n\n\n\n<p>\u201cREPORTES FALSOS\u201d<\/p>\n\n\n\n<p>La Secretar\u00eda de Seguridad P\u00fablica en Sinaloa inform\u00f3 que en coordinaci\u00f3n con autoridades de los tres \u00f3rdenes de gobierno, atendi\u00f3 los reportes de la ciudadan\u00eda que se reportaron durante este jueves, destacando que la mayor\u00eda de ellos, eran falsos.<\/p>\n\n\n\n<p>La dependencia de seguridad destac\u00f3 que uno de los primeros reportes que se recibieron fue uno sobre un supuesto enfrentamiento en la zona de Higueras de Abuya y Jacola.<\/p>\n\n\n\n<p>\u201cElementos de la Polic\u00eda Estatal Preventiva, apoyados por un helic\u00f3ptero de Sedena, realizaron recorridos, sin embargo, no se localizaron indicios sobre alg\u00fan hecho violento. Cabe mencionar que, sobre un camino de terracer\u00eda de la comunidad de Pueblos Unidos, se localiz\u00f3 una g\u00f3ndola atravesada sin afectar ning\u00fan camino importante\u201d.<\/p>\n\n\n\n<p>Otros reportes falsos, seg\u00fan la dependencia, fueron los indicados en la colonia Santa Fe y otros m\u00e1s en la zona norte de la capital, en donde se se\u00f1alaba la presencia de civiles armados, al igual que en las comunidades de Oso Viejo y Alcoyonqui.<\/p>\n\n\n\n<p>En el caso de las tres personas asesinadas este jueves que report\u00f3 la Fiscal\u00eda de Sinaloa, la SSP detall\u00f3 que estos hechos se dieron en el sector Montebello; otro en El Barrio y otro m\u00e1s en el estacionamiento de un supermercado en la zona sur de la ciudad.<\/p>\n\n\n\n<p>\u201cNinguno de ellos relacionado con enfrentamientos. Ser\u00e1 la autoridad competente quien investigue estos hechos\u201d, destac\u00f3 la dependencia de Seguridad que agreg\u00f3 que en el sector Country Tres R\u00edos se atendi\u00f3 un reporte sobre \u201cponchallantas\u201d arrojados a la cinta asf\u00e1ltica.<\/p>\n\n\n\n<p>Otro suceso que se registr\u00f3 durante el mediod\u00eda de este jueves fue sobre disparos en la colonia Miguel Alem\u00e1n, en contra de un veh\u00edculo Versa. Previo a ello tambi\u00e9n se inform\u00f3 sobre un establecimiento de venta de veh\u00edculos que result\u00f3 da\u00f1ado con disparos de arma de fuego en la colonia Miguel Hidalgo.<\/p>\n\n\n\n<p>En tanto, durante las primeras horas de este jueves en el sector de Riveras de Tamazula, en Culiac\u00e1n, elementos militares que se encontraron con un grupo de civiles armados quienes huyeron, no sin antes accionar sus armas contra los efectivos de la Sedena.<\/p>\n\n\n\n<p>(Informaci\u00f3n de Infobae M\u00e9xico)<\/p>\n","protected":false},"excerpt":{"rendered":"<p>Redacci\u00f3n\/Zona Roja Cdmx. Ciudad de M\u00e9xico, a 13 de septiembre de 2024.- La Fiscal\u00eda General&hellip;<\/p>\n","protected":false},"author":2,"featured_media":72389,"comment_status":"closed","ping_status":"open","sticky":false,"template":"","format":"standard","meta":{"_lmt_disableupdate":"","_lmt_disable":"","_jetpack_memberships_contains_paid_content":false,"footnotes":""},"categories":[109,47],"tags":[1335],"class_list":["post-72388","post","type-post","status-publish","format-standard","has-post-thumbnail","hentry","category-minuto-a-minuto","category-zona-gris","tag-culiacan-sinaloa"],"jetpack_featured_media_url":"https:\/\/zonaroja.com.mx\/wp-content\/uploads\/2024\/09\/Violencia-en-Sinaloa.webp","jetpack_sharing_enabled":true,"_links":{"self":[{"href":"https:\/\/zonaroja.com.mx\/index.php?rest_route=\/wp\/v2\/posts\/72388","targetHints":{"allow":["GET"]}}],"collection":[{"href":"https:\/\/zonaroja.com.mx\/index.php?rest_route=\/wp\/v2\/posts"}],"about":[{"href":"https:\/\/zonaroja.com.mx\/index.php?rest_route=\/wp\/v2\/types\/post"}],"author":[{"embeddable":true,"href":"https:\/\/zonaroja.com.mx\/index.php?rest_route=\/wp\/v2\/users\/2"}],"replies":[{"embeddable":true,"href":"https:\/\/zonaroja.com.mx\/index.php?rest_route=%2Fwp%2Fv2%2Fcomments&post=72388"}],"version-history":[{"count":1,"href":"https:\/\/zonaroja.com.mx\/index.php?rest_route=\/wp\/v2\/posts\/72388\/revisions"}],"predecessor-version":[{"id":72390,"href":"https:\/\/zonaroja.com.mx\/index.php?rest_route=\/wp\/v2\/posts\/72388\/revisions\/72390"}],"wp:featuredmedia":[{"embeddable":true,"href":"https:\/\/zonaroja.com.mx\/index.php?rest_route=\/wp\/v2\/media\/72389"}],"wp:attachment":[{"href":"https:\/\/zonaroja.com.mx\/index.php?rest_route=%2Fwp%2Fv2%2Fmedia&parent=72388"}],"wp:term":[{"taxonomy":"category","embeddable":true,"href":"https:\/\/zonaroja.com.mx\/index.php?rest_route=%2Fwp%2Fv2%2Fcategories&post=72388"},{"taxonomy":"post_tag","embeddable":true,"href":"https:\/\/zonaroja.com.mx\/index.php?rest_route=%2Fwp%2Fv2%2Ftags&post=72388"}],"curies":[{"name":"wp","href":"https:\/\/api.w.org\/{rel}","templated":true}]}}