{"id":72391,"date":"2024-09-13T09:14:00","date_gmt":"2024-09-13T15:14:00","guid":{"rendered":"https:\/\/zonaroja.com.mx\/?p=72391"},"modified":"2024-09-13T07:50:34","modified_gmt":"2024-09-13T13:50:34","slug":"acuden-a-palacio-de-gobierno-diputados-del-pri-pan-y-prd-que-votaron-reforma","status":"publish","type":"post","link":"https:\/\/zonaroja.com.mx\/?p=72391","title":{"rendered":"Acuden a Palacio de Gobierno diputados del PRI, PAN y PRD que votaron reforma"},"content":{"rendered":"\n<p>Raymundo Morales\/Zona Roja.<\/p>\n\n\n\n<p>Oaxaca de Ju\u00e1rez, Oax., a 13 de septiembre de 2024.- Habr\u00edan pasado desapercibidos de no ser por la protesta de normalistas y docentes de la Secci\u00f3n 22 del SNTE, que los retuvieron en el Palacio de Gobierno y hasta golpearon a uno de ellos.<\/p>\n\n\n\n<p>Diputados de \u201coposici\u00f3n\u201d acudieron ayer a la sede del Poder Ejecutivo, a supuestas reuniones del gobernador Salom\u00f3n Jara Cruz con fracciones parlamentarias de la 65 Legislatura local.<\/p>\n\n\n\n<p>Pero la visita ocurri\u00f3 apenas 24 horas despu\u00e9s en que el Congreso local aprob\u00f3 la minuta de la reforma al Poder Judicial de la Federaci\u00f3n, lo que gener\u00f3 suspicacias.<\/p>\n\n\n\n<p>La madrugada del viernes, 41 de 42 legisladores, incluyendo la supuesta oposici\u00f3n a Morena, como el PAN, PRI y PRD aval\u00f3 la iniciativa presidencial, alrededor de las 05:30 horas, convirti\u00e9ndose en el primer Legislativo del pa\u00eds en otorgar el aval.<\/p>\n\n\n\n<p>LA VISITA<\/p>\n\n\n\n<p>Fue cerca del mediod\u00eda en que un esc\u00e1ndalo se origin\u00f3 a la puerta principal del Palacio de Gobierno, cuando normalistas impidieron con violencia la salida de Freddy Gil Pineda Gopar, diputado por el PRI, acusado de golpear a uno de ellos.<\/p>\n\n\n\n<p>La confrontaci\u00f3n dur\u00f3 por al menos 10 minutos y al final al legislador le volvieron a abrir la puerta para reingresar al Palacio y salir de inmediato por el lado de la calle de Flores Mag\u00f3n, sin dar explicaciones de su visita.<\/p>\n\n\n\n<p>Apenas se destensaba la situaci\u00f3n, cuando tambi\u00e9n por un acceso lateral del Palacio de Gobierno salieron Natividad y Leonardo D\u00edaz Jim\u00e9nez, diputados del PAN.<\/p>\n\n\n\n<p>Aprisa, sin responder a los cuestionamientos de la prensa, se retiraron hacia la calle de Hidalgo; en los portales se detuvieron para saludar a Samuel Gurri\u00f3n, quien tambi\u00e9n esperaba su turno para ingresar al Palacio.<\/p>\n\n\n\n<p>Tanto Gurri\u00f3n como Eva Diego Cruz y Elvia Gabriela P\u00e9rez, del PVEM, ingresaron tambi\u00e9n a la sede del Ejecutivo, pero ellos fueron retenidos por al menos tres horas en el interior.<\/p>\n\n\n\n<p>No hubo postura oficial por ninguna de las partes respecto a los motivos de la reuni\u00f3n.<\/p>\n\n\n\n<p>LAS EXPULSIONES<\/p>\n\n\n\n<p>El mi\u00e9rcoles, la dirigente del PAN en Oaxaca, Perla Woolrich, dijo en conferencia de prensa que solicitar\u00e1 la expulsi\u00f3n de Natividad D\u00edaz, pues el hermano de \u00e9sta, Leonardo, ya era morenista; por la tarde, la dirigencia nacional confirm\u00f3 la medida.<\/p>\n\n\n\n<p>El PRI nacional supuestamente estuvo en contra de la aprobaci\u00f3n de la reforma al poder judicial; sin embargo, en Oaxaca su dirigencia tuvo una tibia postura el martes.<\/p>\n\n\n\n<p>El mi\u00e9rcoles por la madrugada, sus cuatro legisladores, Liz Concha, actual secretaria General; Freddy Gil Pineda, Mar\u00eda Luisa Matus, Jorge Villaca\u00f1a (suplente de Alejandro Avil\u00e9s) y Eduardo Rojas, votaron a favor y hasta ahora no ha habido pronunciamiento.<\/p>\n\n\n\n<p>Mientras que la dirigencia del PRD emiti\u00f3 ayer por la tarde un documento para pedir la expulsi\u00f3n de sus legisladores Roc\u00edo Melchor V\u00e1squez, Minerva L\u00f3pez Calder\u00f3n y V\u00edctor Ra\u00fal Hern\u00e1ndez L\u00f3pez.<\/p>\n\n\n\n<figure class=\"wp-block-embed is-type-rich is-provider-twitter wp-block-embed-twitter\"><div class=\"wp-block-embed__wrapper\">\n<div class=\"twitter-tweet\"><blockquote class=\"twitter-tweet\" data-lang=\"es\"><p lang=\"es\" dir=\"ltr\">\u00bfFueron a cobrar el voto que dieron para avalar la minuta de la reforma al Poder Judicial?<br><br>Adem\u00e1s del priista <a href=\"https:\/\/twitter.com\/FREDDYGILPINEDA?ref_src=twsrc%5Etfw\">@freddygilpineda<\/a>, los diputados hermanos panistas Natividad y Leonardo D\u00edaz Jim\u00e9nez, salieron este jueves del Palacio de Gobierno. <br><br>En las cercan\u00edas estaba el ex\u2026 <a href=\"https:\/\/t.co\/ZEsWoQYxEw\">pic.twitter.com\/ZEsWoQYxEw<\/a><\/p>&mdash; Zona Roja Oaxaca (@ZonaRoja_Oaxaca) <a href=\"https:\/\/twitter.com\/ZonaRoja_Oaxaca\/status\/1834314199608295441?ref_src=twsrc%5Etfw\">12 de septiembre de 2024<\/a><\/blockquote><\/div>\n<\/div><\/figure>\n","protected":false},"excerpt":{"rendered":"<p>Raymundo Morales\/Zona Roja. Oaxaca de Ju\u00e1rez, Oax., a 13 de septiembre de 2024.- Habr\u00edan pasado&hellip;<\/p>\n","protected":false},"author":2,"featured_media":72392,"comment_status":"closed","ping_status":"open","sticky":false,"template":"","format":"standard","meta":{"_lmt_disableupdate":"","_lmt_disable":"","_jetpack_memberships_contains_paid_content":false,"footnotes":""},"categories":[109,47],"tags":[],"class_list":["post-72391","post","type-post","status-publish","format-standard","has-post-thumbnail","hentry","category-minuto-a-minuto","category-zona-gris"],"jetpack_featured_media_url":"https:\/\/zonaroja.com.mx\/wp-content\/uploads\/2024\/09\/Natividad-Diaz-y-diputados-PAN.jpg","jetpack_sharing_enabled":true,"_links":{"self":[{"href":"https:\/\/zonaroja.com.mx\/index.php?rest_route=\/wp\/v2\/posts\/72391","targetHints":{"allow":["GET"]}}],"collection":[{"href":"https:\/\/zonaroja.com.mx\/index.php?rest_route=\/wp\/v2\/posts"}],"about":[{"href":"https:\/\/zonaroja.com.mx\/index.php?rest_route=\/wp\/v2\/types\/post"}],"author":[{"embeddable":true,"href":"https:\/\/zonaroja.com.mx\/index.php?rest_route=\/wp\/v2\/users\/2"}],"replies":[{"embeddable":true,"href":"https:\/\/zonaroja.com.mx\/index.php?rest_route=%2Fwp%2Fv2%2Fcomments&post=72391"}],"version-history":[{"count":1,"href":"https:\/\/zonaroja.com.mx\/index.php?rest_route=\/wp\/v2\/posts\/72391\/revisions"}],"predecessor-version":[{"id":72393,"href":"https:\/\/zonaroja.com.mx\/index.php?rest_route=\/wp\/v2\/posts\/72391\/revisions\/72393"}],"wp:featuredmedia":[{"embeddable":true,"href":"https:\/\/zonaroja.com.mx\/index.php?rest_route=\/wp\/v2\/media\/72392"}],"wp:attachment":[{"href":"https:\/\/zonaroja.com.mx\/index.php?rest_route=%2Fwp%2Fv2%2Fmedia&parent=72391"}],"wp:term":[{"taxonomy":"category","embeddable":true,"href":"https:\/\/zonaroja.com.mx\/index.php?rest_route=%2Fwp%2Fv2%2Fcategories&post=72391"},{"taxonomy":"post_tag","embeddable":true,"href":"https:\/\/zonaroja.com.mx\/index.php?rest_route=%2Fwp%2Fv2%2Ftags&post=72391"}],"curies":[{"name":"wp","href":"https:\/\/api.w.org\/{rel}","templated":true}]}}