{"id":72394,"date":"2024-09-13T09:50:00","date_gmt":"2024-09-13T15:50:00","guid":{"rendered":"https:\/\/zonaroja.com.mx\/?p=72394"},"modified":"2024-09-13T08:23:43","modified_gmt":"2024-09-13T14:23:43","slug":"detienen-a-presunto-delincuente-que-robo-celular-a-estudiante-en-la-capital","status":"publish","type":"post","link":"https:\/\/zonaroja.com.mx\/?p=72394","title":{"rendered":"Detienen a presunto delincuente que rob\u00f3 celular a estudiante en la capital"},"content":{"rendered":"\n<p>Redacci\u00f3n\/Zona Roja.<\/p>\n\n\n\n<p>Oaxaca de Ju\u00e1rez, Oax., a 13 de septiembre de 2024.- Tras un operativo de b\u00fasqueda, la polic\u00eda municipal de Oaxaca de Ju\u00e1rez, detuvo a un individuo, quien presuntamente despoj\u00f3 de un celular a una estudiante y ha cometido otros delitos.<\/p>\n\n\n\n<p>La ma\u00f1ana de este jueves, elementos de la Unidad Motorizada de Acci\u00f3n R\u00e1pida (UMAR) implementaron el operativo en la agencia de San Juan Chapultepec, donde se registraron los hechos.<\/p>\n\n\n\n<p>Al circular en la prolongaci\u00f3n de Valerio Trujano, observaron que un sujeto se desplazaba con exceso de velocidad con direcci\u00f3n a La Fundici\u00f3n, en una motocicleta color negro, sin placas de circulaci\u00f3n y con un casco, cuyas caracter\u00edsticas coincid\u00edan con las de los &nbsp;videos difundidos en redes sociales.<\/p>\n\n\n\n<p>Los agentes enfilaron hacia ese lugar y en la privada 13 de Septiembre, San Juan Chapultepec, hallaron estacionada una motocicleta color negro, marca Honda, sin placas de circulaci\u00f3n, por lo que en base al reporte, procedieron a verificar el n\u00famero de serie.<\/p>\n\n\n\n<p>La Unidad de An\u00e1lisis, de la Secretar\u00eda de Seguridad, confirm\u00f3 que el veh\u00edculo no cuenta con reporte de robo, en ese momento salieron de un domicilio un hombre con un casco de motociclista y dos personas de g\u00e9nero femenino, quienes se comportaron de manera agresiva al indicar que la motocicleta era de su propiedad.<\/p>\n\n\n\n<p>Al ser informados sobre el se\u00f1alamiento, el sujeto se comport\u00f3 de manera agresiva al insultar a los elementos, as\u00ed como se abalanz\u00f3 hacia uno de ellos con la intenci\u00f3n de golpearlo con el casco.<\/p>\n\n\n\n<p>Al salir otras dos personas del domicilio intentaron evitar su detenci\u00f3n, con el apoyo de m\u00e1s elementos, lograron controlar al sospechoso, a quien le fue asegurado el casco y la motocicleta, ya que intent\u00f3 abordarla para escapar.<\/p>\n\n\n\n<p>Los elementos observaron que, tanto el casco y la motocicleta presentan las mismas caracter\u00edsticas del sujeto que arrebat\u00f3 su celular a una joven al parecer estudiante y al parecer, anteriormente ya cometi\u00f3 otros robos similares.<\/p>\n\n\n\n<p>Debido a ello, fue detenido como presunto responsable del delito de resistencia de particulares, por lo cual qued\u00f3 a disposici\u00f3n de la Fiscal\u00eda General del Estado de Oaxaca.<\/p>\n\n\n\n<p>De acuerdo con archivos de la corporaci\u00f3n, el sujeto ha sido detenido en cinco ocasiones, cuatro por diversas faltas administrativas y una por la posesi\u00f3n de una motocicleta con presuntas alteraciones en sus numerales.<\/p>\n\n\n\n<p>Adem\u00e1s, pidi\u00f3 a la ciudadan\u00eda que identifique al detenido como presunto responsable de alg\u00fan delito, presentar &nbsp;la denuncia penal correspondiente en la Fiscal\u00eda General del Estado.<\/p>\n","protected":false},"excerpt":{"rendered":"<p>Redacci\u00f3n\/Zona Roja. Oaxaca de Ju\u00e1rez, Oax., a 13 de septiembre de 2024.- Tras un operativo&hellip;<\/p>\n","protected":false},"author":2,"featured_media":72395,"comment_status":"closed","ping_status":"open","sticky":false,"template":"","format":"standard","meta":{"_lmt_disableupdate":"","_lmt_disable":"","_jetpack_memberships_contains_paid_content":false,"footnotes":""},"categories":[109,46],"tags":[148],"class_list":["post-72394","post","type-post","status-publish","format-standard","has-post-thumbnail","hentry","category-minuto-a-minuto","category-zona-blanca","tag-oaxaca-de-juarez"],"jetpack_featured_media_url":"https:\/\/zonaroja.com.mx\/wp-content\/uploads\/2024\/09\/Ladron-detenido-ciudad-de-Oaxaca.jpg","jetpack_sharing_enabled":true,"_links":{"self":[{"href":"https:\/\/zonaroja.com.mx\/index.php?rest_route=\/wp\/v2\/posts\/72394","targetHints":{"allow":["GET"]}}],"collection":[{"href":"https:\/\/zonaroja.com.mx\/index.php?rest_route=\/wp\/v2\/posts"}],"about":[{"href":"https:\/\/zonaroja.com.mx\/index.php?rest_route=\/wp\/v2\/types\/post"}],"author":[{"embeddable":true,"href":"https:\/\/zonaroja.com.mx\/index.php?rest_route=\/wp\/v2\/users\/2"}],"replies":[{"embeddable":true,"href":"https:\/\/zonaroja.com.mx\/index.php?rest_route=%2Fwp%2Fv2%2Fcomments&post=72394"}],"version-history":[{"count":1,"href":"https:\/\/zonaroja.com.mx\/index.php?rest_route=\/wp\/v2\/posts\/72394\/revisions"}],"predecessor-version":[{"id":72396,"href":"https:\/\/zonaroja.com.mx\/index.php?rest_route=\/wp\/v2\/posts\/72394\/revisions\/72396"}],"wp:featuredmedia":[{"embeddable":true,"href":"https:\/\/zonaroja.com.mx\/index.php?rest_route=\/wp\/v2\/media\/72395"}],"wp:attachment":[{"href":"https:\/\/zonaroja.com.mx\/index.php?rest_route=%2Fwp%2Fv2%2Fmedia&parent=72394"}],"wp:term":[{"taxonomy":"category","embeddable":true,"href":"https:\/\/zonaroja.com.mx\/index.php?rest_route=%2Fwp%2Fv2%2Fcategories&post=72394"},{"taxonomy":"post_tag","embeddable":true,"href":"https:\/\/zonaroja.com.mx\/index.php?rest_route=%2Fwp%2Fv2%2Ftags&post=72394"}],"curies":[{"name":"wp","href":"https:\/\/api.w.org\/{rel}","templated":true}]}}