{"id":72397,"date":"2024-09-13T11:24:00","date_gmt":"2024-09-13T17:24:00","guid":{"rendered":"https:\/\/zonaroja.com.mx\/?p=72397"},"modified":"2024-09-13T08:29:13","modified_gmt":"2024-09-13T14:29:13","slug":"anuncian-feria-internacional-del-libro-de-oaxaca-ahora-sera-en-el-zocalo","status":"publish","type":"post","link":"https:\/\/zonaroja.com.mx\/?p=72397","title":{"rendered":"Anuncian Feria Internacional del Libro de Oaxaca; ahora ser\u00e1 en el z\u00f3calo"},"content":{"rendered":"\n<p>Redacci\u00f3n\/Territorio Score.<\/p>\n\n\n\n<p>Oaxaca de Ju\u00e1rez, Oax., a 13 de septiembre de 2024.- En su edici\u00f3n 44, La Feria Internacional del Libro de Oaxaca (FILO) regresa al lugar que la vio nacer, y tendr\u00e1 como sede el Centro Hist\u00f3rico de Oaxaca, en la zona conocida como bajo el laurel del z\u00f3calo capitalino.<\/p>\n\n\n\n<p>Este a\u00f1o, del 12 al 20 de octubre, la FILO se llenar\u00e1 de libros y literatura en uno de los lugares m\u00e1s significativos de la ciudad, as\u00ed como en diversas instituciones educativas.<\/p>\n\n\n\n<p>Gracias al impulso de la iniciativa privada, la FILO contin\u00faa su esp\u00edritu festivo al aire libre, ofreciendo una experiencia \u00fanica para oaxaque\u00f1as, oaxaque\u00f1os y visitantes. La Feria contar\u00e1 con una variada oferta de actividades: presentaciones de libros y charlas con autores, talleres y mesas de debate para todas las edades, reafirmando su compromiso con el fomento a la lectura y el di\u00e1logo cultural.<\/p>\n\n\n\n<p>El gran evento inaugural de la FIL Oaxaca ser\u00e1 el Jam de Escritura y Dibujo (idea original: Haidu Kowski, producci\u00f3n general: Tai La Bella Damsky) donde Tanya Huntington, Francisco Hinojosa, Mariana Ruiz Johnson y Amanda Mijangos combinar\u00e1n estas disciplinas desde sus particulares puntos de vista. Igualmente, se entregar\u00e1 el Reconocimiento FILO a la trayectoria a la oaxaque\u00f1a Concepci\u00f3n N\u00fa\u00f1ez Miranda, activista que ha trabajado por los derechos de las mujeres, especialmente las docentes y quienes han sido privadas de su libertad.<\/p>\n\n\n\n<p>El Homenaje FILO Chamacxs se ofrece a quienes han trabajado en la promoci\u00f3n de la literatura infantil y juvenil, y este 2024 la distinci\u00f3n ser\u00e1 para la autora chilena Mar\u00eda Jos\u00e9 Ferrada, cuyos libros infantiles han sido traducidos a 14 idiomas y premiados en numerosas ocasiones.<\/p>\n\n\n\n<p>Por otro lado, la C\u00e1tedra Aura Estrada, donde autoras y autores comparten su acercamiento personal a la literatura, ser\u00e1 impartida por la poeta, novelista, dramaturga, periodista cultural y performer estadounidense Eileen Myles, autora de m\u00e1s de 20 libros multipremiados e importante referente del feminismo y el activismo LGBTIQA+.<\/p>\n\n\n\n<p>Se contar\u00e1, adem\u00e1s, con la presencia del destacado periodista salvadore\u00f1o Horacio Castellanos Moya, quien conversar\u00e1 con la tambi\u00e9n periodista Gabriela Warkentin. Finalmente, el cierre de este festival se realizar\u00e1 mediante la Conversaci\u00f3n entre la llamada por muchos \u201cReina del terror\u201d, la gran escritora Mariana Enr\u00edquez, y Bernardo Esquinca, autor del mismo g\u00e9nero literario y ganador del Premio Nacional de Novela Negra.<\/p>\n\n\n\n<p>La 44 FILO invita a toda la ciudadan\u00eda a sumarse a esta celebraci\u00f3n de la palabra y a disfrutar de un evento que promete ser un punto de encuentro para todas y todos los amantes de los libros.<\/p>\n","protected":false},"excerpt":{"rendered":"<p>Redacci\u00f3n\/Territorio Score. Oaxaca de Ju\u00e1rez, Oax., a 13 de septiembre de 2024.- En su edici\u00f3n&hellip;<\/p>\n","protected":false},"author":2,"featured_media":72398,"comment_status":"closed","ping_status":"open","sticky":false,"template":"","format":"standard","meta":{"_lmt_disableupdate":"","_lmt_disable":"","_jetpack_memberships_contains_paid_content":false,"footnotes":""},"categories":[109,46],"tags":[915],"class_list":["post-72397","post","type-post","status-publish","format-standard","has-post-thumbnail","hentry","category-minuto-a-minuto","category-zona-blanca","tag-feria-internacional-del-libro-de-oaxaca-filo"],"jetpack_featured_media_url":"https:\/\/zonaroja.com.mx\/wp-content\/uploads\/2024\/09\/Feria-del-Libro-Oaxaca.jpg","jetpack_sharing_enabled":true,"_links":{"self":[{"href":"https:\/\/zonaroja.com.mx\/index.php?rest_route=\/wp\/v2\/posts\/72397","targetHints":{"allow":["GET"]}}],"collection":[{"href":"https:\/\/zonaroja.com.mx\/index.php?rest_route=\/wp\/v2\/posts"}],"about":[{"href":"https:\/\/zonaroja.com.mx\/index.php?rest_route=\/wp\/v2\/types\/post"}],"author":[{"embeddable":true,"href":"https:\/\/zonaroja.com.mx\/index.php?rest_route=\/wp\/v2\/users\/2"}],"replies":[{"embeddable":true,"href":"https:\/\/zonaroja.com.mx\/index.php?rest_route=%2Fwp%2Fv2%2Fcomments&post=72397"}],"version-history":[{"count":1,"href":"https:\/\/zonaroja.com.mx\/index.php?rest_route=\/wp\/v2\/posts\/72397\/revisions"}],"predecessor-version":[{"id":72399,"href":"https:\/\/zonaroja.com.mx\/index.php?rest_route=\/wp\/v2\/posts\/72397\/revisions\/72399"}],"wp:featuredmedia":[{"embeddable":true,"href":"https:\/\/zonaroja.com.mx\/index.php?rest_route=\/wp\/v2\/media\/72398"}],"wp:attachment":[{"href":"https:\/\/zonaroja.com.mx\/index.php?rest_route=%2Fwp%2Fv2%2Fmedia&parent=72397"}],"wp:term":[{"taxonomy":"category","embeddable":true,"href":"https:\/\/zonaroja.com.mx\/index.php?rest_route=%2Fwp%2Fv2%2Fcategories&post=72397"},{"taxonomy":"post_tag","embeddable":true,"href":"https:\/\/zonaroja.com.mx\/index.php?rest_route=%2Fwp%2Fv2%2Ftags&post=72397"}],"curies":[{"name":"wp","href":"https:\/\/api.w.org\/{rel}","templated":true}]}}