{"id":7240,"date":"2020-01-03T09:23:48","date_gmt":"2020-01-03T15:23:48","guid":{"rendered":"http:\/\/www.zonaroja.com.mx\/?p=7240"},"modified":"2020-01-03T09:23:51","modified_gmt":"2020-01-03T15:23:51","slug":"area-implicada-en-accidente-de-becario-en-tuxtepec-sigue-en-funciones","status":"publish","type":"post","link":"https:\/\/zonaroja.com.mx\/?p=7240","title":{"rendered":"\u00c1rea implicada en accidente de becario en Tuxtepec sigue en funciones"},"content":{"rendered":"\n<p>Yuri Sosa\/Zona Roja.<\/p>\n\n\n\n<p>San Juan Bautista Tuxtepec, Oax., 3 de\nenero de 2019.- A m\u00e1s de un mes del accidente que puso en peligro la vida a un\nbecario del programa federal \u201cJ\u00f3venes Construyendo el Futuro\u201d, adscrito al\nayuntamiento de Tuxtepec, el \u00e1rea donde el joven desempa\u00f1aba actividades fuera\nde las reglas de operaci\u00f3n, sigue en funciones.<\/p>\n\n\n\n<p>El presidente municipal, Fernando\nBautista D\u00e1vila, confirm\u00f3 que las cinco \u00e1reas que el ayuntamiento inscribi\u00f3\ncomo centros de trabajo y para recibir a los j\u00f3venes becados, contin\u00faan con sus\nactividades normales.<\/p>\n\n\n\n<p>Dijo que el gobierno municipal\ncontinuar\u00e1 en la aportaci\u00f3n de informaci\u00f3n durante el proceso de investigaci\u00f3n\ndel caso, el cual est\u00e1 a cargo de la Secretar\u00eda de Trabajo y Previsi\u00f3n Social\n(STyPS), as\u00ed como a los responsables del programa federal, pues agreg\u00f3 que tras\nel accidente del joven Pedro Lezama se realiz\u00f3 una visita.<\/p>\n\n\n\n<p>Mientras que no exista alguna\nrestricci\u00f3n, el gobierno municipal a trav\u00e9s de las \u00e1reas habilitadas, (vivienda\ny rezago social; servicios p\u00fablicos, gesti\u00f3n social, atenci\u00f3n ciudadana y obras\np\u00fablicas) seguir\u00e1 en la demanda de becarios para integrarlos a la plantilla\nlaboral, expuso.<\/p>\n\n\n\n<p>El edil dijo que desconoce a esta fecha\ncu\u00e1ntos de los cerca de 160 j\u00f3venes becarios vinculados en el ayuntamiento\ncontin\u00faan hasta el momento en labores, pero agreg\u00f3 que como empresa integrada\nal programa no son responsables de despedir a alguno, pues s\u00f3lo env\u00edan los\nreportes correspondientes.<\/p>\n\n\n\n<p>Pedro Lezama Hern\u00e1ndez, de 23 a\u00f1os,\nqued\u00f3 prensado por l\u00e1minas mientras iba a bordo de un cami\u00f3n de carga con\nmaterial de construcci\u00f3n como parte de sus actividades en el \u00e1rea de vivienda y\nrezago social, al que fue destinado.<\/p>\n\n\n\n<p>El accidente ocurri\u00f3 el pasado 19 de\nnoviembre en Tuxtepec, y desde ese entonces emprendi\u00f3 junto con su familia una\nlucha en la b\u00fasqueda de atenci\u00f3n m\u00e9dica. El joven se encuentra internado desde\nprincipios de diciembre en el hospital La Raza en la Ciudad de M\u00e9xico.<\/p>\n","protected":false},"excerpt":{"rendered":"<p>Yuri Sosa\/Zona Roja. San Juan Bautista Tuxtepec, Oax., 3 de enero de 2019.- A m\u00e1s&hellip;<\/p>\n","protected":false},"author":2,"featured_media":7241,"comment_status":"closed","ping_status":"open","sticky":false,"template":"","format":"standard","meta":{"_lmt_disableupdate":"","_lmt_disable":"","_jetpack_memberships_contains_paid_content":false,"footnotes":""},"categories":[109,47],"tags":[1064,118],"class_list":["post-7240","post","type-post","status-publish","format-standard","has-post-thumbnail","hentry","category-minuto-a-minuto","category-zona-gris","tag-pedro-alberto-lezama-hernandez","tag-san-juan-bautista-tuxtepec"],"jetpack_featured_media_url":"https:\/\/zonaroja.com.mx\/wp-content\/uploads\/2020\/01\/Pedro-Lezama.jpg","jetpack_sharing_enabled":true,"_links":{"self":[{"href":"https:\/\/zonaroja.com.mx\/index.php?rest_route=\/wp\/v2\/posts\/7240","targetHints":{"allow":["GET"]}}],"collection":[{"href":"https:\/\/zonaroja.com.mx\/index.php?rest_route=\/wp\/v2\/posts"}],"about":[{"href":"https:\/\/zonaroja.com.mx\/index.php?rest_route=\/wp\/v2\/types\/post"}],"author":[{"embeddable":true,"href":"https:\/\/zonaroja.com.mx\/index.php?rest_route=\/wp\/v2\/users\/2"}],"replies":[{"embeddable":true,"href":"https:\/\/zonaroja.com.mx\/index.php?rest_route=%2Fwp%2Fv2%2Fcomments&post=7240"}],"version-history":[{"count":1,"href":"https:\/\/zonaroja.com.mx\/index.php?rest_route=\/wp\/v2\/posts\/7240\/revisions"}],"predecessor-version":[{"id":7242,"href":"https:\/\/zonaroja.com.mx\/index.php?rest_route=\/wp\/v2\/posts\/7240\/revisions\/7242"}],"wp:featuredmedia":[{"embeddable":true,"href":"https:\/\/zonaroja.com.mx\/index.php?rest_route=\/wp\/v2\/media\/7241"}],"wp:attachment":[{"href":"https:\/\/zonaroja.com.mx\/index.php?rest_route=%2Fwp%2Fv2%2Fmedia&parent=7240"}],"wp:term":[{"taxonomy":"category","embeddable":true,"href":"https:\/\/zonaroja.com.mx\/index.php?rest_route=%2Fwp%2Fv2%2Fcategories&post=7240"},{"taxonomy":"post_tag","embeddable":true,"href":"https:\/\/zonaroja.com.mx\/index.php?rest_route=%2Fwp%2Fv2%2Ftags&post=7240"}],"curies":[{"name":"wp","href":"https:\/\/api.w.org\/{rel}","templated":true}]}}