{"id":72400,"date":"2024-09-13T09:52:10","date_gmt":"2024-09-13T15:52:10","guid":{"rendered":"https:\/\/zonaroja.com.mx\/?p=72400"},"modified":"2024-09-13T09:52:12","modified_gmt":"2024-09-13T15:52:12","slug":"matan-a-tres-personas-en-la-costa-de-oaxaca-dos-son-policias","status":"publish","type":"post","link":"https:\/\/zonaroja.com.mx\/?p=72400","title":{"rendered":"Matan a tres personas en la Costa de Oaxaca; dos son polic\u00edas"},"content":{"rendered":"\n<p>Ismael Garc\u00eda M.\/Zona Roja.<\/p>\n\n\n\n<p>Oaxaca de Ju\u00e1rez, Oax., a 13 de septiembre de 2024.- En dos hechos distintos, tres personas, dos de ellos polic\u00edas, fueron asesinadas este viernes en localidades de la regi\u00f3n Costa de Oaxaca.<\/p>\n\n\n\n<p>Un hecho se suscit\u00f3 alrededor de las 02:00 horas cuando en San Jos\u00e9 del Progreso, municipio de Villa de Tututepec, polic\u00edas municipales hicieron el alto a una camioneta para su revisi\u00f3n.<\/p>\n\n\n\n<p>Sin embargo, fueron recibidos a balazos lo cual dej\u00f3 como saldo dos elementos fallecidos, identificados como Honorio S. y David S., y una mujer lesionada, que se encuentra grave en un hospital de Puerto Escondido.&nbsp;<\/p>\n\n\n\n<p>Por otra parte, en c\u00e9ntricas calles del municipio de Santiago Jamiltepec, una persona del sexo masculino fue asesinada a balazos.<\/p>\n\n\n\n<p>El crimen ocurri\u00f3 en la calle Heladio Ram\u00edrez del barrio El Hospital, donde se reportaron las detonaciones de arma de fuego.<\/p>\n\n\n\n<p>A la llegada de los polic\u00edas, \u00fanicamente hallaron un cuerpo sin vida, identificado de manera preliminar como Hedilberto B. C., de 42 a\u00f1os de edad; hasta el momento se desconoce las causas del homicidio.<\/p>\n\n\n\n<p>En ambos casos ya interviene personal de la Vicefiscal\u00eda Regional de la Costa, dependiente de la Fiscal\u00eda General del estado.<\/p>\n","protected":false},"excerpt":{"rendered":"<p>Ismael Garc\u00eda M.\/Zona Roja. Oaxaca de Ju\u00e1rez, Oax., a 13 de septiembre de 2024.- En&hellip;<\/p>\n","protected":false},"author":2,"featured_media":72402,"comment_status":"closed","ping_status":"open","sticky":false,"template":"","format":"standard","meta":{"_lmt_disableupdate":"","_lmt_disable":"","_jetpack_memberships_contains_paid_content":false,"footnotes":""},"categories":[109,51],"tags":[1203],"class_list":["post-72400","post","type-post","status-publish","format-standard","has-post-thumbnail","hentry","category-minuto-a-minuto","category-zona-roja","tag-villa-de-tututepec"],"jetpack_featured_media_url":"https:\/\/zonaroja.com.mx\/wp-content\/uploads\/2024\/09\/Policias-asesinados-Tututepec-San-Jose-del-Progreso.jpg","jetpack_sharing_enabled":true,"_links":{"self":[{"href":"https:\/\/zonaroja.com.mx\/index.php?rest_route=\/wp\/v2\/posts\/72400","targetHints":{"allow":["GET"]}}],"collection":[{"href":"https:\/\/zonaroja.com.mx\/index.php?rest_route=\/wp\/v2\/posts"}],"about":[{"href":"https:\/\/zonaroja.com.mx\/index.php?rest_route=\/wp\/v2\/types\/post"}],"author":[{"embeddable":true,"href":"https:\/\/zonaroja.com.mx\/index.php?rest_route=\/wp\/v2\/users\/2"}],"replies":[{"embeddable":true,"href":"https:\/\/zonaroja.com.mx\/index.php?rest_route=%2Fwp%2Fv2%2Fcomments&post=72400"}],"version-history":[{"count":1,"href":"https:\/\/zonaroja.com.mx\/index.php?rest_route=\/wp\/v2\/posts\/72400\/revisions"}],"predecessor-version":[{"id":72403,"href":"https:\/\/zonaroja.com.mx\/index.php?rest_route=\/wp\/v2\/posts\/72400\/revisions\/72403"}],"wp:featuredmedia":[{"embeddable":true,"href":"https:\/\/zonaroja.com.mx\/index.php?rest_route=\/wp\/v2\/media\/72402"}],"wp:attachment":[{"href":"https:\/\/zonaroja.com.mx\/index.php?rest_route=%2Fwp%2Fv2%2Fmedia&parent=72400"}],"wp:term":[{"taxonomy":"category","embeddable":true,"href":"https:\/\/zonaroja.com.mx\/index.php?rest_route=%2Fwp%2Fv2%2Fcategories&post=72400"},{"taxonomy":"post_tag","embeddable":true,"href":"https:\/\/zonaroja.com.mx\/index.php?rest_route=%2Fwp%2Fv2%2Ftags&post=72400"}],"curies":[{"name":"wp","href":"https:\/\/api.w.org\/{rel}","templated":true}]}}